{"id":25891,"date":"2011-08-23T18:12:34","date_gmt":"2011-08-23T18:12:34","guid":{"rendered":"http:\/\/archiv.szolnoktv.hu\/?p=25891"},"modified":"2021-10-28T17:31:34","modified_gmt":"2021-10-28T17:31:34","slug":"csak-a-szerencsen-mult","status":"publish","type":"post","link":"http:\/\/archiv.szolnoktv.hu\/?p=25891","title":{"rendered":"Csak a szerencs\u00e9n m\u00falt"},"content":{"rendered":"<div class='booster-block booster-read-block'><\/div><p>Galamb\u00fcr\u00fcl\u00e9k \u00e9s a mad\u00e1rtetemek hevertek a j\u00e1rd\u00e1n a T\u00e1ncsics utca elej\u00e9n. D\u00e9lel\u0151tt kilenckor ugyanis az egyik emeletes h\u00e1z tet\u0151szerkezet\u00e9b\u0151l -val\u00f3sz\u00edn\u0171leg a galamb\u00fcr\u00fcl\u00e9k s\u00falya alatt- leszakadt egy t\u00f6bb m\u00e9teres darab.<br \/>\n<br \/> Reggel kilenc \u00f3rakor egy t\u00f6bb m\u00e9ter hossz\u00fa sz\u00e9ldeszka szakadt le az egyik Kossuth t\u00e9ri \u00e9p\u00fcletr\u0151l. A f\u00e1b\u00f3l k\u00e9sz\u00fclt tet\u0151elem mind\u00f6ssze az egyik ott parkol\u00f3 aut\u00f3ban tett k\u00e1rt. A bal h\u00e1ts\u00f3 l\u00e1mpa b\u00far\u00e1ja t\u00f6rt el. Az azonban csak a szerencs\u00e9n m\u00falott, hogy a forgalmas j\u00e1rd\u00e1n \u00e9ppen akkor senki nem s\u00e9t\u00e1lt. A h\u00e1z lak\u00f3i szerint a sz\u00e9ldeszka a galamb\u00fcr\u00fcl\u00e9k s\u00falya miatt szakadt le. Hamarosan a t\u0171zolt\u00f3s\u00e1g darus kocsija is meg\u00e9rkezett, hogy \u00e1tvizsg\u00e1lj\u00e1k a s\u00e9r\u00fclt tet\u0151elemet. A h\u00e1z kezel\u0151j\u00e9n\u00e9l, a Jubileum lak\u00e1ssz\u00f6vetkezetn\u00e9l azt mondt\u00e1k, hogy b\u00e1r az \u00e9p\u00fcletnek nincs biztos\u00edt\u00e1sa, hiszen azt a lak\u00f3k nem k\u00e9rt\u00e9k, de a tet\u0151t mindenk\u00e9ppen kijav\u00edtj\u00e1k.<br \/>\n<div style=\"width: 640px;\" class=\"wp-video\"><!--[if lt IE 9]><script>document.createElement('video');<\/script><![endif]-->\n<video class=\"wp-video-shortcode\" id=\"video-25891-1\" width=\"640\" height=\"360\" preload=\"metadata\" controls=\"controls\"><source type=\"video\/mp4\" src=\"\/spots\/hir\/hir_110823_01.mp4?_=1\" \/><a href=\"\/spots\/hir\/hir_110823_01.mp4\">\/spots\/hir\/hir_110823_01.mp4<\/a><\/video><\/div><\/p>\n","protected":false},"excerpt":{"rendered":"<p>Galamb\u00fcr\u00fcl\u00e9k \u00e9s a mad\u00e1rtetemek hevertek a j\u00e1rd\u00e1n a T\u00e1ncsics utca elej\u00e9n. D\u00e9lel\u0151tt kilenckor ugyanis az egyik emeletes h\u00e1z tet\u0151szerkezet\u00e9b\u0151l -val\u00f3sz\u00edn\u0171leg a galamb\u00fcr\u00fcl\u00e9k s\u00falya alatt- leszakadt egy t\u00f6bb m\u00e9teres darab. Reggel kilenc \u00f3rakor egy t\u00f6bb m\u00e9ter hossz\u00fa sz\u00e9ldeszka szakadt le az egyik Kossuth t\u00e9ri \u00e9p\u00fcletr\u0151l. A f\u00e1b\u00f3l k\u00e9sz\u00fclt tet\u0151elem mind\u00f6ssze az egyik ott parkol\u00f3 aut\u00f3ban tett [&hellip;]<\/p>\n","protected":false},"author":2,"featured_media":0,"comment_status":"open","ping_status":"open","sticky":false,"template":"","format":"standard","meta":[],"categories":[21],"tags":[],"_links":{"self":[{"href":"http:\/\/archiv.szolnoktv.hu\/index.php?rest_route=\/wp\/v2\/posts\/25891"}],"collection":[{"href":"http:\/\/archiv.szolnoktv.hu\/index.php?rest_route=\/wp\/v2\/posts"}],"about":[{"href":"http:\/\/archiv.szolnoktv.hu\/index.php?rest_route=\/wp\/v2\/types\/post"}],"author":[{"embeddable":true,"href":"http:\/\/archiv.szolnoktv.hu\/index.php?rest_route=\/wp\/v2\/users\/2"}],"replies":[{"embeddable":true,"href":"http:\/\/archiv.szolnoktv.hu\/index.php?rest_route=%2Fwp%2Fv2%2Fcomments&post=25891"}],"version-history":[{"count":1,"href":"http:\/\/archiv.szolnoktv.hu\/index.php?rest_route=\/wp\/v2\/posts\/25891\/revisions"}],"predecessor-version":[{"id":25958,"href":"http:\/\/archiv.szolnoktv.hu\/index.php?rest_route=\/wp\/v2\/posts\/25891\/revisions\/25958"}],"wp:attachment":[{"href":"http:\/\/archiv.szolnoktv.hu\/index.php?rest_route=%2Fwp%2Fv2%2Fmedia&parent=25891"}],"wp:term":[{"taxonomy":"category","embeddable":true,"href":"http:\/\/archiv.szolnoktv.hu\/index.php?rest_route=%2Fwp%2Fv2%2Fcategories&post=25891"},{"taxonomy":"post_tag","embeddable":true,"href":"http:\/\/archiv.szolnoktv.hu\/index.php?rest_route=%2Fwp%2Fv2%2Ftags&post=25891"}],"curies":[{"name":"wp","href":"https:\/\/api.w.org\/{rel}","templated":true}]}}