{"id":25890,"date":"2011-08-23T16:26:19","date_gmt":"2011-08-23T16:26:19","guid":{"rendered":"http:\/\/archiv.szolnoktv.hu\/?p=25890"},"modified":"2021-10-28T17:31:34","modified_gmt":"2021-10-28T17:31:34","slug":"hosegriado-4","status":"publish","type":"post","link":"http:\/\/archiv.szolnoktv.hu\/?p=25890","title":{"rendered":"H\u0151s\u00e9griad\u00f3"},"content":{"rendered":"<div class='booster-block booster-read-block'><\/div><p>\u00dajra tombol a h\u0151s\u00e9g, aki teheti nem menjen napra. A h\u0151m\u00e9r\u0151k higyanysz\u00e1la m\u00e1r ma is negyven fok k\u00f6rny\u00e9k\u00e9re emelkedett, szerd\u00e1t\u00f3l pedig m\u00e9g melegebb lesz. Az Orsz\u00e1gos Meteorol\u00f3giai Szolg\u00e1lat ez\u00e9rt 14 megy\u00e9re &#8211; k\u00f6zt\u00fck J\u00e1sz-Nagykun-Szolnok megy\u00e9re is piros figyelmeztet\u00e9st adott ki.<br \/>\n<br \/>Gyerekek h\u0171s\u00f6lnek a Kossuth t\u00e9ri sz\u00f6k\u0151kutakban &#8211; van is r\u00e1 okuk. A p\u00e1r m\u00e9terre l\u00e9v\u0151 h\u0151m\u00e9r\u0151 40 fokot mutat. Nagymam\u00e1juk a f\u00e1k \u00e1rny\u00e9k\u00e1ban varrogat.Az id\u0151sebbek szervezet\u00e9t viseli meg legjobban a rekken\u0151 h\u0151s\u00e9g, de a szakemberek szerint a fiatal l\u00e1nyoknak is vigy\u00e1zniuk kell.A nagy melegben a szok\u00e1sosn\u00e1l j\u00f3val t\u00f6bb folyad\u00e9kot &#8211; els\u0151sorban vizet &#8211; kell fogyasztni. Naponta ak\u00e1r 3-4 litert is. A szolnoki vas\u00fat\u00e1llom\u00e1son erre is figyelnek.A M\u00c1V-Start h\u00e1rom budapesti \u00e9s nyolc vid\u00e9ki \u00e1llom\u00e1son oszt vizet. De a vonaton utaz\u00f3kr\u00f3l is gondoskodnak &#8211; az \u00e9tkez\u0151kocsival ell\u00e1tott szerelv\u00e9nyekben lehet k\u00e9rni az ingyenes h\u0171s\u00edt\u0151 ned\u00fct. R\u00e1ad\u00e1sul az InterCity vonatok eset\u00e9ben elengedik a p\u00f3tjegyek \u00e1r\u00e1t. A m\u00e1r el\u0151re megv\u00e1ltott p\u00f3t- \u00e9s helyjegyek eset\u00e9ben a komnfortd\u00edjat visszat\u00e9r\u00edti a vas\u00fatt\u00e1rsas\u00e1g.A szolnoki ment\u0151\u00e1llom\u00e1son is egyre t\u00f6bbsz\u00f6r cs\u00f6r\u00f6g a telefon. Mint azt dr. V\u00edgh Gy\u00f6rgy vezet\u0151t\u0151l megtudtuk, nagyj\u00e1b\u00f3l 20-25 sz\u00e1zal\u00e9kkal n\u0151 a riaszt\u00e1sok sz\u00e1ma h\u0151s\u00e9griad\u00f3 eset\u00e9n. A v\u00e1ros is k\u00e9sz\u00fclt a h\u0151s\u00e9griad\u00f3ra &#8211; az \u00c1NTSZ-szel egyeztetve k\u00fcl\u00f6n terv k\u00e9sz\u00fclt erre az id\u0151szakra.Az el\u0151rejelz\u00e9sek szerint az UV-B sug\u00e1rz\u00e1s szintje is meghaladja majd a riaszt\u00e1si k\u00fcsz\u00f6b\u00e9rt\u00e9ket, \u00edgy az \u00e9rz\u00e9keny b\u0151r\u0171ek ak\u00e1r negyed\u00f3ra alatt is le\u00e9ghetnek.<br \/>\n<div style=\"width: 640px;\" class=\"wp-video\"><!--[if lt IE 9]><script>document.createElement('video');<\/script><![endif]-->\n<video class=\"wp-video-shortcode\" id=\"video-25890-1\" width=\"640\" height=\"360\" preload=\"metadata\" controls=\"controls\"><source type=\"video\/mp4\" src=\"\/spots\/hir\/hir_110823_04.mp4?_=1\" \/><a href=\"\/spots\/hir\/hir_110823_04.mp4\">\/spots\/hir\/hir_110823_04.mp4<\/a><\/video><\/div><\/p>\n","protected":false},"excerpt":{"rendered":"<p>\u00dajra tombol a h\u0151s\u00e9g, aki teheti nem menjen napra. A h\u0151m\u00e9r\u0151k higyanysz\u00e1la m\u00e1r ma is negyven fok k\u00f6rny\u00e9k\u00e9re emelkedett, szerd\u00e1t\u00f3l pedig m\u00e9g melegebb lesz. Az Orsz\u00e1gos Meteorol\u00f3giai Szolg\u00e1lat ez\u00e9rt 14 megy\u00e9re &#8211; k\u00f6zt\u00fck J\u00e1sz-Nagykun-Szolnok megy\u00e9re is piros figyelmeztet\u00e9st adott ki. Gyerekek h\u0171s\u00f6lnek a Kossuth t\u00e9ri sz\u00f6k\u0151kutakban &#8211; van is r\u00e1 okuk. A p\u00e1r m\u00e9terre l\u00e9v\u0151 [&hellip;]<\/p>\n","protected":false},"author":2,"featured_media":0,"comment_status":"open","ping_status":"open","sticky":false,"template":"","format":"standard","meta":[],"categories":[21],"tags":[],"_links":{"self":[{"href":"http:\/\/archiv.szolnoktv.hu\/index.php?rest_route=\/wp\/v2\/posts\/25890"}],"collection":[{"href":"http:\/\/archiv.szolnoktv.hu\/index.php?rest_route=\/wp\/v2\/posts"}],"about":[{"href":"http:\/\/archiv.szolnoktv.hu\/index.php?rest_route=\/wp\/v2\/types\/post"}],"author":[{"embeddable":true,"href":"http:\/\/archiv.szolnoktv.hu\/index.php?rest_route=\/wp\/v2\/users\/2"}],"replies":[{"embeddable":true,"href":"http:\/\/archiv.szolnoktv.hu\/index.php?rest_route=%2Fwp%2Fv2%2Fcomments&post=25890"}],"version-history":[{"count":1,"href":"http:\/\/archiv.szolnoktv.hu\/index.php?rest_route=\/wp\/v2\/posts\/25890\/revisions"}],"predecessor-version":[{"id":25959,"href":"http:\/\/archiv.szolnoktv.hu\/index.php?rest_route=\/wp\/v2\/posts\/25890\/revisions\/25959"}],"wp:attachment":[{"href":"http:\/\/archiv.szolnoktv.hu\/index.php?rest_route=%2Fwp%2Fv2%2Fmedia&parent=25890"}],"wp:term":[{"taxonomy":"category","embeddable":true,"href":"http:\/\/archiv.szolnoktv.hu\/index.php?rest_route=%2Fwp%2Fv2%2Fcategories&post=25890"},{"taxonomy":"post_tag","embeddable":true,"href":"http:\/\/archiv.szolnoktv.hu\/index.php?rest_route=%2Fwp%2Fv2%2Ftags&post=25890"}],"curies":[{"name":"wp","href":"https:\/\/api.w.org\/{rel}","templated":true}]}}