{"id":25887,"date":"2011-08-23T14:04:33","date_gmt":"2011-08-23T14:04:33","guid":{"rendered":"http:\/\/archiv.szolnoktv.hu\/?p=25887"},"modified":"2021-10-28T17:31:34","modified_gmt":"2021-10-28T17:31:34","slug":"holnaptol-megvasarolhatok-a-szabadda-valt-szinhazi-berletek","status":"publish","type":"post","link":"http:\/\/archiv.szolnoktv.hu\/?p=25887","title":{"rendered":"Holnapt\u00f3l megv\u00e1s\u00e1rolhat\u00f3k a szabadd\u00e1 v\u00e1lt sz\u00ednh\u00e1zi b\u00e9rletek"},"content":{"rendered":"<div class='booster-block booster-read-block'><\/div><p>H\u00e9tf\u0151n lej\u00e1rt a r\u00e9gi sz\u00ednh\u00e1zb\u00e9rletek megv\u00e1s\u00e1rl\u00e1s\u00e1nak hat\u00e1rideje. A szabadd\u00e1 v\u00e1lt helyeket szerd\u00e1t\u00f3l v\u00e1s\u00e1rolhatj\u00e1k meg azok, akiknek nincs b\u00e9rlet\u00fck.<br \/>\n<br \/>   H\u00e9tf\u0151n d\u00e9lut\u00e1n 5 \u00f3rakor lej\u00e1rt a hat\u00e1rid\u0151, ameddig a r\u00e9gi tulajdonosok megv\u00e1s\u00e1rolhatt\u00e1k b\u00e9rleteiket. A szervez\u0151iroda munkat\u00e1rsai szerint a helyek jelent\u0151s r\u00e9sze gazd\u00e1ra tal\u00e1lt. Cs\u00e1k \u00c1gnes, az iroda munkat\u00e1rsa elmondta: akik esetleg megfeledkeztek a hat\u00e1rid\u0151r\u0151l, szerd\u00e1n reggel 9 \u00f3r\u00e1t\u00f3l \u00e9rdekl\u0151dhetnek b\u00e9rleteikr\u0151l. Ha megvan m\u00e9g a r\u00e9gi hely\u00fck, term\u00e9szetesen megv\u00e1s\u00e1rolhatj\u00e1k, ha esetleg valaki m\u00e1r elvitte, keresnek m\u00e1st helyette. Szerd\u00e1t\u00f3l v\u00e1rj\u00e1k azokat az \u00e9rdekl\u0151d\u0151ket is, akik eddig nem rendelkeztek sz\u00ednh\u00e1zb\u00e9rlettel, hiszen korl\u00e1tozott sz\u00e1mban ugyan, de vannak m\u00e9g megv\u00e1s\u00e1rolhat\u00f3 helyek. A b\u00e9rlethez jut\u00f3 tulajdonosok a k\u00f6vetkez\u0151 \u00e9vadban Moln\u00e1r Ferenc Liliom c. dr\u00e1m\u00e1j\u00e1t, M\u00e1rai S\u00e1ndort\u00f3l a Kalandot, a L\u00e9gy j\u00f3 mindhal\u00e1lig c. musicalt, K\u00e1lm\u00e1n Imre Cirkuszhercegn\u0151 c. operettj\u00e9t, Hunyady S\u00e1ndor A h\u00e1rom s\u00e1rk\u00e1ny c. v\u00edgj\u00e1t\u00e9k\u00e1t \u00e9s Goldoni Mirandolin\u00e1j\u00e1t l\u00e1thatj\u00e1k.<br \/>\n<div style=\"width: 640px;\" class=\"wp-video\"><!--[if lt IE 9]><script>document.createElement('video');<\/script><![endif]-->\n<video class=\"wp-video-shortcode\" id=\"video-25887-1\" width=\"640\" height=\"360\" preload=\"metadata\" controls=\"controls\"><source type=\"video\/mp4\" src=\"\/spots\/hir\/hir_110823_02.mp4?_=1\" \/><a href=\"\/spots\/hir\/hir_110823_02.mp4\">\/spots\/hir\/hir_110823_02.mp4<\/a><\/video><\/div><\/p>\n","protected":false},"excerpt":{"rendered":"<p>H\u00e9tf\u0151n lej\u00e1rt a r\u00e9gi sz\u00ednh\u00e1zb\u00e9rletek megv\u00e1s\u00e1rl\u00e1s\u00e1nak hat\u00e1rideje. A szabadd\u00e1 v\u00e1lt helyeket szerd\u00e1t\u00f3l v\u00e1s\u00e1rolhatj\u00e1k meg azok, akiknek nincs b\u00e9rlet\u00fck. H\u00e9tf\u0151n d\u00e9lut\u00e1n 5 \u00f3rakor lej\u00e1rt a hat\u00e1rid\u0151, ameddig a r\u00e9gi tulajdonosok megv\u00e1s\u00e1rolhatt\u00e1k b\u00e9rleteiket. A szervez\u0151iroda munkat\u00e1rsai szerint a helyek jelent\u0151s r\u00e9sze gazd\u00e1ra tal\u00e1lt. Cs\u00e1k \u00c1gnes, az iroda munkat\u00e1rsa elmondta: akik esetleg megfeledkeztek a hat\u00e1rid\u0151r\u0151l, szerd\u00e1n reggel 9 [&hellip;]<\/p>\n","protected":false},"author":2,"featured_media":0,"comment_status":"open","ping_status":"open","sticky":false,"template":"","format":"standard","meta":[],"categories":[21],"tags":[],"_links":{"self":[{"href":"http:\/\/archiv.szolnoktv.hu\/index.php?rest_route=\/wp\/v2\/posts\/25887"}],"collection":[{"href":"http:\/\/archiv.szolnoktv.hu\/index.php?rest_route=\/wp\/v2\/posts"}],"about":[{"href":"http:\/\/archiv.szolnoktv.hu\/index.php?rest_route=\/wp\/v2\/types\/post"}],"author":[{"embeddable":true,"href":"http:\/\/archiv.szolnoktv.hu\/index.php?rest_route=\/wp\/v2\/users\/2"}],"replies":[{"embeddable":true,"href":"http:\/\/archiv.szolnoktv.hu\/index.php?rest_route=%2Fwp%2Fv2%2Fcomments&post=25887"}],"version-history":[{"count":1,"href":"http:\/\/archiv.szolnoktv.hu\/index.php?rest_route=\/wp\/v2\/posts\/25887\/revisions"}],"predecessor-version":[{"id":25962,"href":"http:\/\/archiv.szolnoktv.hu\/index.php?rest_route=\/wp\/v2\/posts\/25887\/revisions\/25962"}],"wp:attachment":[{"href":"http:\/\/archiv.szolnoktv.hu\/index.php?rest_route=%2Fwp%2Fv2%2Fmedia&parent=25887"}],"wp:term":[{"taxonomy":"category","embeddable":true,"href":"http:\/\/archiv.szolnoktv.hu\/index.php?rest_route=%2Fwp%2Fv2%2Fcategories&post=25887"},{"taxonomy":"post_tag","embeddable":true,"href":"http:\/\/archiv.szolnoktv.hu\/index.php?rest_route=%2Fwp%2Fv2%2Ftags&post=25887"}],"curies":[{"name":"wp","href":"https:\/\/api.w.org\/{rel}","templated":true}]}}