{"id":25886,"date":"2011-08-22T16:28:44","date_gmt":"2011-08-22T16:28:44","guid":{"rendered":"http:\/\/archiv.szolnoktv.hu\/?p=25886"},"modified":"2021-10-28T17:31:34","modified_gmt":"2021-10-28T17:31:34","slug":"nyit-a-konyvtar","status":"publish","type":"post","link":"http:\/\/archiv.szolnoktv.hu\/?p=25886","title":{"rendered":"Nyit a k\u00f6nyvt\u00e1r"},"content":{"rendered":"<div class='booster-block booster-read-block'><\/div><p>Szerd\u00e1n nyit a megyei k\u00f6nyvt\u00e1r. A ny\u00e1ri sz\u00fcnet alatt fel\u00faj\u00edtott\u00e1k a gyermek-olvas\u00f3termet, p\u00e1ly\u00e1zati p\u00e9nzb\u0151l \u00faj b\u00fatorokat is v\u00e1s\u00e1roltak az int\u00e9zm\u00e9ny k\u00fcl\u00f6nb\u00f6z\u0151 r\u00e9szlegeinek.<br \/>\n<br \/>Minden rosszban van valami j\u00f3. A Verseghy Ferenc megyei k\u00f6nyvt\u00e1r gyermek-olvas\u00f3term\u00e9nek be\u00e1z\u00e1sa j\u00f3csk\u00e1n adott munk\u00e1t a ny\u00e1ri sz\u00fcnetben. A j\u00falius v\u00e9gi felv\u00e9teleken l\u00e1tottakhoz  k\u00e9pest megsz\u00e9p\u00fclt a r\u00e9szleg. A biztos\u00edt\u00e1snak k\u00f6sz\u00f6nhet\u0151 a l\u00e1tv\u00e1nyos v\u00e1ltoz\u00e1s.  A be\u00e1z\u00e1s kapcs\u00e1n lerakott puha padl\u00f3sz\u0151nyeg \u00f6sszhangban van a falak sz\u00edn\u00e9vel. Az apr\u00f3 b\u00fatorokat m\u00e1r p\u00e1ly\u00e1zati p\u00e9nzb\u0151l szerezt\u00e9k be. Igazi  gyermekbar\u00e1t olvas\u00f3kuck\u00f3t var\u00e1zsolnak nyit\u00e1sra a k\u00f6nyvt\u00e1rosok a teremb\u0151l. A feln\u0151tt r\u00e9szleg mindk\u00e9t emelete \u00faj k\u00f6nyv\u00e1llv\u00e1nyokat kapott, melyek a k\u00e9nyelmesebb k\u00f6nyvt\u00e1rhaszn\u00e1latot szolg\u00e1lj\u00e1k majd.<br \/>\n<div style=\"width: 640px;\" class=\"wp-video\"><!--[if lt IE 9]><script>document.createElement('video');<\/script><![endif]-->\n<video class=\"wp-video-shortcode\" id=\"video-25886-1\" width=\"640\" height=\"360\" preload=\"metadata\" controls=\"controls\"><source type=\"video\/mp4\" src=\"\/spots\/hir\/hir_110822_02.mp4?_=1\" \/><a href=\"\/spots\/hir\/hir_110822_02.mp4\">\/spots\/hir\/hir_110822_02.mp4<\/a><\/video><\/div><\/p>\n","protected":false},"excerpt":{"rendered":"<p>Szerd\u00e1n nyit a megyei k\u00f6nyvt\u00e1r. A ny\u00e1ri sz\u00fcnet alatt fel\u00faj\u00edtott\u00e1k a gyermek-olvas\u00f3termet, p\u00e1ly\u00e1zati p\u00e9nzb\u0151l \u00faj b\u00fatorokat is v\u00e1s\u00e1roltak az int\u00e9zm\u00e9ny k\u00fcl\u00f6nb\u00f6z\u0151 r\u00e9szlegeinek. Minden rosszban van valami j\u00f3. A Verseghy Ferenc megyei k\u00f6nyvt\u00e1r gyermek-olvas\u00f3term\u00e9nek be\u00e1z\u00e1sa j\u00f3csk\u00e1n adott munk\u00e1t a ny\u00e1ri sz\u00fcnetben. A j\u00falius v\u00e9gi felv\u00e9teleken l\u00e1tottakhoz k\u00e9pest megsz\u00e9p\u00fclt a r\u00e9szleg. A biztos\u00edt\u00e1snak k\u00f6sz\u00f6nhet\u0151 a l\u00e1tv\u00e1nyos v\u00e1ltoz\u00e1s. [&hellip;]<\/p>\n","protected":false},"author":2,"featured_media":0,"comment_status":"open","ping_status":"open","sticky":false,"template":"","format":"standard","meta":[],"categories":[21],"tags":[],"_links":{"self":[{"href":"http:\/\/archiv.szolnoktv.hu\/index.php?rest_route=\/wp\/v2\/posts\/25886"}],"collection":[{"href":"http:\/\/archiv.szolnoktv.hu\/index.php?rest_route=\/wp\/v2\/posts"}],"about":[{"href":"http:\/\/archiv.szolnoktv.hu\/index.php?rest_route=\/wp\/v2\/types\/post"}],"author":[{"embeddable":true,"href":"http:\/\/archiv.szolnoktv.hu\/index.php?rest_route=\/wp\/v2\/users\/2"}],"replies":[{"embeddable":true,"href":"http:\/\/archiv.szolnoktv.hu\/index.php?rest_route=%2Fwp%2Fv2%2Fcomments&post=25886"}],"version-history":[{"count":1,"href":"http:\/\/archiv.szolnoktv.hu\/index.php?rest_route=\/wp\/v2\/posts\/25886\/revisions"}],"predecessor-version":[{"id":25963,"href":"http:\/\/archiv.szolnoktv.hu\/index.php?rest_route=\/wp\/v2\/posts\/25886\/revisions\/25963"}],"wp:attachment":[{"href":"http:\/\/archiv.szolnoktv.hu\/index.php?rest_route=%2Fwp%2Fv2%2Fmedia&parent=25886"}],"wp:term":[{"taxonomy":"category","embeddable":true,"href":"http:\/\/archiv.szolnoktv.hu\/index.php?rest_route=%2Fwp%2Fv2%2Fcategories&post=25886"},{"taxonomy":"post_tag","embeddable":true,"href":"http:\/\/archiv.szolnoktv.hu\/index.php?rest_route=%2Fwp%2Fv2%2Ftags&post=25886"}],"curies":[{"name":"wp","href":"https:\/\/api.w.org\/{rel}","templated":true}]}}