{"id":25885,"date":"2011-08-22T15:29:30","date_gmt":"2011-08-22T15:29:30","guid":{"rendered":"http:\/\/archiv.szolnoktv.hu\/?p=25885"},"modified":"2021-10-28T17:31:34","modified_gmt":"2021-10-28T17:31:34","slug":"unnepi-szentmise-es-kenyerszenteles","status":"publish","type":"post","link":"http:\/\/archiv.szolnoktv.hu\/?p=25885","title":{"rendered":"\u00dcnnepi szentmise \u00e9s keny\u00e9rszentel\u00e9s"},"content":{"rendered":"<div class='booster-block booster-read-block'><\/div><p>A hagyom\u00e1nyokhoz h\u00edven a V\u00e1rtemplomban tartott szentmis\u00e9vel kezd\u0151d\u00f6tt a v\u00e1rosi \u00fcnneps\u00e9g \u00e1llamalap\u00edt\u00f3 Szent Istv\u00e1n kir\u00e1ly tisztelet\u00e9re. A templom el\u0151tti t\u00e9ren Szalay Feremc polg\u00e1rmester mondott besz\u00e9det, majd K\u00e1linger Roland sz\u00e1zados, katolikus t\u00e1bori lek\u00e9sz \u00e1ldotta \u00e9s szentelte meg a nemzeti sz\u00edn\u0171 szalaggal \u00e1tk\u00f6t\u00f6tt \u00faj kenyeret.<br \/>\n<br \/> Az \u00fcnnepi szentmis\u00e9re megtelt a megyesz\u00e9khely egyik legszebb teploma. \u00dcnnepi pr\u00e9dik\u00e1ci\u00f3j\u00e1ban a nemzeti sz\u00edn\u0171 lobog\u00f3 sz\u00edneinek jelk\u00e9prendszer\u00e9r\u0151l besz\u00e9lt a katolikus t\u00e1bori lelk\u00e9sz. &#8211; &#8220;Piros n\u00e9lk\u00fcl &#8211; \u00e1ldozatv\u00e1llal\u00e1s n\u00e9lk\u00fcl, feh\u00e9r n\u00e9lk\u00fcl &#8211; b\u00e9ke n\u00e9lk\u00fcl, \u00e9s z\u00f6ld n\u00e9lk\u00fcl &#8211; rem\u00e9ny \u00e9s j\u00f6v\u0151 n\u00e9lk\u00fcl nem \u00e9lhet\u00fcnk ebben az orsz\u00e1gban.\u201e &#8211; hangs\u00falyozta K\u00e1linger Roland sz\u00e1zados, aki arra k\u00e9rte Istent, seg\u00edtsen minket adjon az \u00e1ldozatv\u00e1llal\u00e1sban, adjon nek\u00fcnk b\u00e9k\u00e9t napjainkban, \u00e9s adjon nek\u00fcnk rem\u00e9nyteli, szebb j\u00f6v\u0151t. A szentmis\u00e9t k\u00f6vet\u0151en a V\u00e1rtemplom ell\u0151tti t\u00e9ren folytat\u00f3dott az \u00fcnneps\u00e9g. Barta \u00c1gnes szavalat\u00e1t k\u00f6vet\u0151en Szolnok polg\u00e1rmester \u00e1llamalap\u00edt\u00f3 Szent Istv\u00e1n kir\u00e1lyunk b\u00f6lcsess\u00e9g\u00e9r\u0151l, el\u0151rel\u00e1t\u00e1s\u00e1r\u00f3l besz\u00e9lt. &#8211; \u201eNek\u00fcnk volt egy kir\u00e1lyunk, aki t\u00f6bb mint 1000 \u00e9vre el\u0151re elmondta, hogy mi v\u00e1rhat\u00f3 Magyarorsz\u00e1gon, mi v\u00e1rhat\u00f3 a nemzettel, \u00e9s t\u00f6rt\u00e9nt b\u00e1rmi is ebben az orsz\u00e1gban, t\u00f6rt\u00e9nt b\u00e1rmi is ezzel a nemzettel, pr\u00f3b\u00e1lt\u00e1k sz\u00e9tszedni, pr\u00f3b\u00e1lt\u00e1k t\u00f6nkretenni, pr\u00f3b\u00e1lt\u00e1k mindenf\u00e9le hatalmak ezt az orsz\u00e1got megsemmis\u00edteni, ezt a nemzetet megsemmis\u00edteni, megmaradt, \u00e1ll \u00e9s \u00fajra er\u0151s\u00f6dik.\u201e &#8211; jelentzette ki Szalay Ferenc. A kommunizmus \u00e9vtizedeiben augusztus 20-\u00e1n a Szent Istv\u00e1ni \u00f6r\u00f6ks\u00e9gr\u0151l m\u00e1r nem esett sz\u00f3, az \u00faj kenyeret \u00e9s az akkori Alkotm\u00e1nyt \u00fcnnepelt\u00e9k az emberek &#8211; folytatta a sz\u00f3nok, majd arra h\u00edvta fel a figyelmet, hogy \u201ea t\u00f6rt\u00e9nelmi igazs\u00e1goss\u00e1g mir\u0151l is sz\u00f3l? Ebben az \u00e9vben, H\u00fasv\u00e9tkor az orsz\u00e1g elfogadta \u00faj Alkotm\u00e1ny\u00e1t, ebben az \u00e9vben augusztus 20-\u00e1n m\u00e9lt\u00f3 m\u00f3don eml\u00e9kezhet\u00fcnk egy \u00faj Alkotm\u00e1nyra, besz\u00e9lhet\u00fcnk egy \u00faj Alkotm\u00e1nyr\u00f3l, mely a r\u00e9gi,. T\u00f6rt\u00e9nelmi hagyom\u00e1nyokra \u00e9p\u00fcl, \u00e9s nem csak hogy megeml\u00edti, hanem alapk\u00e9nt azt mondja, a kereszt\u00e9ny hit \u00e9s vall\u00e1s legyen ennek az orsz\u00e1gnak az \u00f6sszetar\u00f3 ereje, az \u00f6sszetart\u00f3 kapocs, \u00e9s minden erre \u00e9p\u00fclj\u00f6n.\u201e Az \u00fcnnepi besz\u00e9det k\u00f6vet\u0151en Nagy Istv\u00e1n alezredes, reform\u00e1tus t\u00e1bori lelk\u00e9sz \u00e9s Gy\u0151ri P\u00e9ter Benj\u00e1min evang\u00e9likus lelk\u00e9sz mondott k\u00f6sz\u00f6nt\u0151t, majd K\u00e1linger Roland sz\u00e1zados, katolikus t\u00e1bori lek\u00e9sz \u00e1ldotta \u00e9s szentelte meg a nemzeti sz\u00edn\u0171 szalaggal \u00e1tk\u00f6t\u00f6tt \u00faj kenyeret \u00e9s hogy a gazd\u00e1knak az \u00fajbora is j\u00f3 legyen, a sz\u0151l\u0151t is. A megszentelt \u00e9s megt\u00f6rt kenyeret, illetve cip\u00f3kat Szalay Ferenc polg\u00e1rmester osztotta sz\u00e9t, az \u00fcnneps\u00e9g az eml\u00e9kez\u00e9s vir\u00e1gainak elhelyez\u00e9s\u00e9vel fejez\u0151d\u00f6tt be Istv\u00e1n kir\u00e1ly szobr\u00e1n\u00e1l. &#8221;<br \/>\n<div style=\"width: 640px;\" class=\"wp-video\"><!--[if lt IE 9]><script>document.createElement('video');<\/script><![endif]-->\n<video class=\"wp-video-shortcode\" id=\"video-25885-1\" width=\"640\" height=\"360\" preload=\"metadata\" controls=\"controls\"><source type=\"video\/mp4\" src=\"\/spots\/hir\/hir_110821_02.mp4?_=1\" \/><a href=\"\/spots\/hir\/hir_110821_02.mp4\">\/spots\/hir\/hir_110821_02.mp4<\/a><\/video><\/div><\/p>\n","protected":false},"excerpt":{"rendered":"<p>A hagyom\u00e1nyokhoz h\u00edven a V\u00e1rtemplomban tartott szentmis\u00e9vel kezd\u0151d\u00f6tt a v\u00e1rosi \u00fcnneps\u00e9g \u00e1llamalap\u00edt\u00f3 Szent Istv\u00e1n kir\u00e1ly tisztelet\u00e9re. A templom el\u0151tti t\u00e9ren Szalay Feremc polg\u00e1rmester mondott besz\u00e9det, majd K\u00e1linger Roland sz\u00e1zados, katolikus t\u00e1bori lek\u00e9sz \u00e1ldotta \u00e9s szentelte meg a nemzeti sz\u00edn\u0171 szalaggal \u00e1tk\u00f6t\u00f6tt \u00faj kenyeret. Az \u00fcnnepi szentmis\u00e9re megtelt a megyesz\u00e9khely egyik legszebb teploma. \u00dcnnepi pr\u00e9dik\u00e1ci\u00f3j\u00e1ban a [&hellip;]<\/p>\n","protected":false},"author":2,"featured_media":0,"comment_status":"open","ping_status":"open","sticky":false,"template":"","format":"standard","meta":[],"categories":[21],"tags":[],"_links":{"self":[{"href":"http:\/\/archiv.szolnoktv.hu\/index.php?rest_route=\/wp\/v2\/posts\/25885"}],"collection":[{"href":"http:\/\/archiv.szolnoktv.hu\/index.php?rest_route=\/wp\/v2\/posts"}],"about":[{"href":"http:\/\/archiv.szolnoktv.hu\/index.php?rest_route=\/wp\/v2\/types\/post"}],"author":[{"embeddable":true,"href":"http:\/\/archiv.szolnoktv.hu\/index.php?rest_route=\/wp\/v2\/users\/2"}],"replies":[{"embeddable":true,"href":"http:\/\/archiv.szolnoktv.hu\/index.php?rest_route=%2Fwp%2Fv2%2Fcomments&post=25885"}],"version-history":[{"count":1,"href":"http:\/\/archiv.szolnoktv.hu\/index.php?rest_route=\/wp\/v2\/posts\/25885\/revisions"}],"predecessor-version":[{"id":25964,"href":"http:\/\/archiv.szolnoktv.hu\/index.php?rest_route=\/wp\/v2\/posts\/25885\/revisions\/25964"}],"wp:attachment":[{"href":"http:\/\/archiv.szolnoktv.hu\/index.php?rest_route=%2Fwp%2Fv2%2Fmedia&parent=25885"}],"wp:term":[{"taxonomy":"category","embeddable":true,"href":"http:\/\/archiv.szolnoktv.hu\/index.php?rest_route=%2Fwp%2Fv2%2Fcategories&post=25885"},{"taxonomy":"post_tag","embeddable":true,"href":"http:\/\/archiv.szolnoktv.hu\/index.php?rest_route=%2Fwp%2Fv2%2Ftags&post=25885"}],"curies":[{"name":"wp","href":"https:\/\/api.w.org\/{rel}","templated":true}]}}