{"id":25884,"date":"2011-08-22T15:26:44","date_gmt":"2011-08-22T15:26:44","guid":{"rendered":"http:\/\/archiv.szolnoktv.hu\/?p=25884"},"modified":"2021-10-28T17:31:35","modified_gmt":"2021-10-28T17:31:35","slug":"birtokba-vettek-a-gyerekek-a-pitypang-ovodat","status":"publish","type":"post","link":"http:\/\/archiv.szolnoktv.hu\/?p=25884","title":{"rendered":"Birtokba vett\u00e9k a gyerekek a Pitypang \u00d3vod\u00e1t"},"content":{"rendered":"<div class='booster-block booster-read-block'><\/div><p>K\u00e9t h\u00e9ttel ezel\u0151tt vehett\u00e9k birtokba a kicsik a J\u00f3sika \u00fati Pitypang \u00d3vod\u00e1t.  A v\u00e1rosi \u00f6nkorm\u00e1nyzat 287 milli\u00f3 forintot nyert uni\u00f3s p\u00e1ly\u00e1zaton az int\u00e9zm\u00e9ny teljes k\u00f6r\u0171 fel\u00faj\u00edt\u00e1s\u00e1ra. Az \u00f3voda -melyben fejleszt\u0151 szob\u00e1kat \u00e9s k\u00f6nyvt\u00e1rat is kialak\u00edtottak &#8211; \u0151szt\u0151l az eddigi 9 helyett 11 csoporttal indul.<br \/>\n<br \/> Sziv\u00e1rv\u00e1ny sz\u00edn\u0171 ablakok k\u00edv\u00fcl, sz\u00ednes falak bel\u00fcl. Igazi XXI. sz\u00e1zadi \u00f3vod\u00e1v\u00e1 alak\u00edtott\u00e1k \u00e1t a J\u00f3sika \u00fati int\u00e9zm\u00e9nyt, mely nemcsak k\u00fcllem\u00e9ben \u00fajult meg. A fel\u00faj\u00edt\u00e1s 2009 \u0151sz\u00e9n kezd\u0151d\u00f6tt, az\u00f3ta r\u00e1 sem lehet ismerni az int\u00e9zm\u00e9nyre. A p\u00e1ly\u00e1zaton nyert 287 milli\u00f3 forintb\u00f3l csaknem 250 milli\u00f3t ford\u00edtottak az \u00e9p\u00fclet illetve a kert, valamint a parkol\u00f3 \u00e1talak\u00edt\u00e1s\u00e1ra. Fejleszt\u0151szob\u00e1kat alak\u00edtottak ki, melyeket majd a tehets\u00e9ggondoz\u00e1sban is szeretn\u00e9nek kihaszn\u00e1lni. A fel\u00faj\u00edtott \u00f3vod\u00e1ban k\u00f6nyvt\u00e1rszoba is van, hogy az \u00f3vodai nevel\u00e9s szakirodalm\u00e1t el\u00e9rhet\u0151v\u00e9 tegy\u00e9k a sz\u00fcl\u0151k \u00e9s a pedag\u00f3gusok sz\u00e1m\u00e1ra. Az \u00f3vod\u00e1ban ezent\u00fal  szegreg\u00e1ltan is nevelnek  saj\u00e1tos nevel\u00e9si ig\u00e9ny\u0171 gyermekeket. A 9 kicsi a R\u00f3zsa \u00fati \u00f3vod\u00e1b\u00f3l j\u00f6n \u00e1t a megsz\u00e9p\u00fclt Pitypangba.  Egyel\u0151re m\u00e9g csak k\u00e9t csoportba j\u00e1rnak gyermekek, de szeptember elsej\u00e9n ben\u00e9pes\u00fcl az int\u00e9zm\u00e9ny, csaknem 259 gyermek j\u00e1r majd a Pitypang oviba. A kicsik j\u00f3l \u00e9rzik magukat a meg\u00fajult int\u00e9zm\u00e9nyben. Lecser\u00e9lt\u00e9k az int\u00e9zm\u00e9ny szennyv\u00edzh\u00e1l\u00f3zat\u00e1t, moderniz\u00e1lt\u00e1k a konyh\u00e1t \u00e9s a mosd\u00f3kat is. Fel\u00faj\u00edtott\u00e1k az elektromos \u00e9s f\u0171t\u00e9si rendszert. Nemcsak meg\u00fajult k\u00f6rnyezet, hanem 40 milli\u00f3 forint \u00f6ssz\u00e9rt\u00e9k\u0171 fejleszt\u0151 j\u00e1t\u00e9kok is v\u00e1rj\u00e1k a kicsiket. rn<br \/>\n<div style=\"width: 640px;\" class=\"wp-video\"><!--[if lt IE 9]><script>document.createElement('video');<\/script><![endif]-->\n<video class=\"wp-video-shortcode\" id=\"video-25884-1\" width=\"640\" height=\"360\" preload=\"metadata\" controls=\"controls\"><source type=\"video\/mp4\" src=\"\/spots\/hir\/hir_110822_04.mp4?_=1\" \/><a href=\"\/spots\/hir\/hir_110822_04.mp4\">\/spots\/hir\/hir_110822_04.mp4<\/a><\/video><\/div><\/p>\n","protected":false},"excerpt":{"rendered":"<p>K\u00e9t h\u00e9ttel ezel\u0151tt vehett\u00e9k birtokba a kicsik a J\u00f3sika \u00fati Pitypang \u00d3vod\u00e1t. A v\u00e1rosi \u00f6nkorm\u00e1nyzat 287 milli\u00f3 forintot nyert uni\u00f3s p\u00e1ly\u00e1zaton az int\u00e9zm\u00e9ny teljes k\u00f6r\u0171 fel\u00faj\u00edt\u00e1s\u00e1ra. Az \u00f3voda -melyben fejleszt\u0151 szob\u00e1kat \u00e9s k\u00f6nyvt\u00e1rat is kialak\u00edtottak &#8211; \u0151szt\u0151l az eddigi 9 helyett 11 csoporttal indul. Sziv\u00e1rv\u00e1ny sz\u00edn\u0171 ablakok k\u00edv\u00fcl, sz\u00ednes falak bel\u00fcl. Igazi XXI. sz\u00e1zadi \u00f3vod\u00e1v\u00e1 [&hellip;]<\/p>\n","protected":false},"author":2,"featured_media":0,"comment_status":"open","ping_status":"open","sticky":false,"template":"","format":"standard","meta":[],"categories":[21],"tags":[],"_links":{"self":[{"href":"http:\/\/archiv.szolnoktv.hu\/index.php?rest_route=\/wp\/v2\/posts\/25884"}],"collection":[{"href":"http:\/\/archiv.szolnoktv.hu\/index.php?rest_route=\/wp\/v2\/posts"}],"about":[{"href":"http:\/\/archiv.szolnoktv.hu\/index.php?rest_route=\/wp\/v2\/types\/post"}],"author":[{"embeddable":true,"href":"http:\/\/archiv.szolnoktv.hu\/index.php?rest_route=\/wp\/v2\/users\/2"}],"replies":[{"embeddable":true,"href":"http:\/\/archiv.szolnoktv.hu\/index.php?rest_route=%2Fwp%2Fv2%2Fcomments&post=25884"}],"version-history":[{"count":1,"href":"http:\/\/archiv.szolnoktv.hu\/index.php?rest_route=\/wp\/v2\/posts\/25884\/revisions"}],"predecessor-version":[{"id":25965,"href":"http:\/\/archiv.szolnoktv.hu\/index.php?rest_route=\/wp\/v2\/posts\/25884\/revisions\/25965"}],"wp:attachment":[{"href":"http:\/\/archiv.szolnoktv.hu\/index.php?rest_route=%2Fwp%2Fv2%2Fmedia&parent=25884"}],"wp:term":[{"taxonomy":"category","embeddable":true,"href":"http:\/\/archiv.szolnoktv.hu\/index.php?rest_route=%2Fwp%2Fv2%2Fcategories&post=25884"},{"taxonomy":"post_tag","embeddable":true,"href":"http:\/\/archiv.szolnoktv.hu\/index.php?rest_route=%2Fwp%2Fv2%2Ftags&post=25884"}],"curies":[{"name":"wp","href":"https:\/\/api.w.org\/{rel}","templated":true}]}}