{"id":25883,"date":"2011-08-22T14:40:44","date_gmt":"2011-08-22T14:40:44","guid":{"rendered":"http:\/\/archiv.szolnoktv.hu\/?p=25883"},"modified":"2021-10-28T17:31:35","modified_gmt":"2021-10-28T17:31:35","slug":"sikeres-nyitany","status":"publish","type":"post","link":"http:\/\/archiv.szolnoktv.hu\/?p=25883","title":{"rendered":"Sikeres nyit\u00e1ny"},"content":{"rendered":"<div class='booster-block booster-read-block'><\/div><p>Gy\u0151zelemmel mutatkozott be hazai p\u00e1ly\u00e1n a labdar\u00fag\u00f3 NB II nyit\u00f3fordul\u00f3j\u00e1ban a Szolnoki M\u00c1V FC. A ny\u00e1ron tulajdonost \u00e9s edz\u0151t is v\u00e1lt\u00f3 csapat a Szegedet gy\u0151zte le a Tiszaligeti Stadionban.<br \/>\n<br \/> Egy \u00e9v fels\u0151h\u00e1zi kit\u00e9r\u0151t k\u00f6vet\u0151en ism\u00e9t NB II-es m\u00e9rk\u0151z\u00e9st j\u00e1tszott a Szolnoki M\u00c1V FC. A hazai csapat az NB III-b\u00f3l \u00e9rkezett Szegedet fogadta,  tulajdonk\u00e9ppen k\u00e9t \u00fajonc csapott vas\u00e1rnap \u00f6ssze a Tiszaligeti Stadion gyepsz\u0151nyeg\u00e9n.  A k\u00e9k mezben j\u00e1tsz\u00f3 hazaiak helyzeteivel indult a tal\u00e1lkoz\u00f3, \u00edgy az els\u0151 g\u00f3lra sem kellett sokat v\u00e1rni. A 11. percben Mundi alapvonalr\u00f3l visszagur\u00edtott labd\u00e1j\u00e1t V\u00e1ri \u00fagy l\u0151tte kapura, hogy az egy szegedi v\u00e9d\u0151 l\u00e1b\u00e1n megpattanva a h\u00e1l\u00f3ban k\u00f6t\u00f6tt ki: 1-0. 5 perccel k\u00e9s\u0151bb egy buktat\u00e1s\u00e9rt meg\u00edt\u00e9lt szabadr\u00fag\u00e1st Antal v\u00e9gzett el, labd\u00e1ja a fels\u0151 l\u00e9cet tal\u00e1lta el. A 17. percben pedig m\u00e1r 2-0-ra vezetett a Szolnok. Ez\u00fattal is Mundit\u00f3l indult az akci\u00f3, bead\u00e1s\u00e1ba V\u00e1ri nem tudott bele\u00e9rni, a pontosan \u00e9rkez\u0151 Lengyel viszont k\u00f6r\u00fclbel\u00fcl 11 m\u00e9terr\u0151l a jobb sarokba helyezett. A f\u00e9lid\u0151 h\u00e1tral\u00e9v\u0151 r\u00e9sz\u00e9ben is f\u0151k\u00e9nt a M\u00c1V t\u00e1madott, de f\u00f6l\u00e9ny\u00e9t nem tudta g\u00f3lra v\u00e1ltani, \u00edgy 2-0-\u00e1s biztos hazai vezet\u00e9s birtok\u00e1ban mehettek pihen\u0151re a csapatok. A t\u00e9rf\u00e9lcser\u00e9t k\u00f6vet\u0151en hamar sz\u00e9p\u00edtett a Szeged. A 48. percben Bern\u00e1thot buktatt\u00e1k a 16-oson bel\u00fcl. A jogosan meg\u00edt\u00e9lt b\u00fcntet\u0151t maga a s\u00e9rtett v\u00e9gezte el, aki a labd\u00e1t a jobb fels\u0151 sarokba v\u00e1gta: 2-1. A vend\u00e9gtal\u00e1latot k\u00f6vet\u0151en is a Szolnok t\u00e1madott t\u00f6bbett, de a helyzetek sorra kimaradtak. Ez csaknem megbosszulta mag\u00e1t, a rendes j\u00e1t\u00e9kid\u0151 v\u00e9ge el\u0151tt 3 perccel kis h\u00edj\u00e1n egyenl\u00edtett a Szeged. Kulacsik mind\u00f6ssze 5 m\u00e9terr\u0151l l\u0151tt kapura, azonban becs\u00fasz\u00f3, bevet\u0151d\u0151 Urb\u00e1n-Szab\u00f3t tal\u00e1lta el. Miut\u00e1n az els\u0151 fordul\u00f3ban 8 csapat is gy\u0151z\u0151tt, \u00edgy rosszabb g\u00f3lk\u00fcl\u00f6nbs\u00e9ge miatt az 5. helyr\u0151l v\u00e1rja a folytat\u00e1st a Szolnoki M\u00c1V FC.<br \/>\n<div style=\"width: 640px;\" class=\"wp-video\"><!--[if lt IE 9]><script>document.createElement('video');<\/script><![endif]-->\n<video class=\"wp-video-shortcode\" id=\"video-25883-1\" width=\"640\" height=\"360\" preload=\"metadata\" controls=\"controls\"><source type=\"video\/mp4\" src=\"\/spots\/hir\/hir_110822_03.mp4?_=1\" \/><a href=\"\/spots\/hir\/hir_110822_03.mp4\">\/spots\/hir\/hir_110822_03.mp4<\/a><\/video><\/div><\/p>\n","protected":false},"excerpt":{"rendered":"<p>Gy\u0151zelemmel mutatkozott be hazai p\u00e1ly\u00e1n a labdar\u00fag\u00f3 NB II nyit\u00f3fordul\u00f3j\u00e1ban a Szolnoki M\u00c1V FC. A ny\u00e1ron tulajdonost \u00e9s edz\u0151t is v\u00e1lt\u00f3 csapat a Szegedet gy\u0151zte le a Tiszaligeti Stadionban. Egy \u00e9v fels\u0151h\u00e1zi kit\u00e9r\u0151t k\u00f6vet\u0151en ism\u00e9t NB II-es m\u00e9rk\u0151z\u00e9st j\u00e1tszott a Szolnoki M\u00c1V FC. A hazai csapat az NB III-b\u00f3l \u00e9rkezett Szegedet fogadta, tulajdonk\u00e9ppen k\u00e9t \u00fajonc [&hellip;]<\/p>\n","protected":false},"author":2,"featured_media":0,"comment_status":"open","ping_status":"open","sticky":false,"template":"","format":"standard","meta":[],"categories":[21],"tags":[],"_links":{"self":[{"href":"http:\/\/archiv.szolnoktv.hu\/index.php?rest_route=\/wp\/v2\/posts\/25883"}],"collection":[{"href":"http:\/\/archiv.szolnoktv.hu\/index.php?rest_route=\/wp\/v2\/posts"}],"about":[{"href":"http:\/\/archiv.szolnoktv.hu\/index.php?rest_route=\/wp\/v2\/types\/post"}],"author":[{"embeddable":true,"href":"http:\/\/archiv.szolnoktv.hu\/index.php?rest_route=\/wp\/v2\/users\/2"}],"replies":[{"embeddable":true,"href":"http:\/\/archiv.szolnoktv.hu\/index.php?rest_route=%2Fwp%2Fv2%2Fcomments&post=25883"}],"version-history":[{"count":1,"href":"http:\/\/archiv.szolnoktv.hu\/index.php?rest_route=\/wp\/v2\/posts\/25883\/revisions"}],"predecessor-version":[{"id":25966,"href":"http:\/\/archiv.szolnoktv.hu\/index.php?rest_route=\/wp\/v2\/posts\/25883\/revisions\/25966"}],"wp:attachment":[{"href":"http:\/\/archiv.szolnoktv.hu\/index.php?rest_route=%2Fwp%2Fv2%2Fmedia&parent=25883"}],"wp:term":[{"taxonomy":"category","embeddable":true,"href":"http:\/\/archiv.szolnoktv.hu\/index.php?rest_route=%2Fwp%2Fv2%2Fcategories&post=25883"},{"taxonomy":"post_tag","embeddable":true,"href":"http:\/\/archiv.szolnoktv.hu\/index.php?rest_route=%2Fwp%2Fv2%2Ftags&post=25883"}],"curies":[{"name":"wp","href":"https:\/\/api.w.org\/{rel}","templated":true}]}}