{"id":25882,"date":"2011-08-22T13:13:52","date_gmt":"2011-08-22T13:13:52","guid":{"rendered":"http:\/\/archiv.szolnoktv.hu\/?p=25882"},"modified":"2021-10-28T17:31:35","modified_gmt":"2021-10-28T17:31:35","slug":"allami-elismeresek-a-kultura-es-oktatas-teruleten","status":"publish","type":"post","link":"http:\/\/archiv.szolnoktv.hu\/?p=25882","title":{"rendered":"\u00c1llami elismer\u00e9sek a kult\u00fara \u00e9s oktat\u00e1s ter\u00fclet\u00e9n"},"content":{"rendered":"<div class='booster-block booster-read-block'><\/div><p>Az \u00e1llamalap\u00edt\u00e1s \u00fcnnep\u00e9hez kapcsol\u00f3dva \u00e9vr\u0151l \u00e9vre kit\u00fcntet\u00e9sekkel, d\u00edjakkal ismerik el a legkiv\u00e1l\u00f3bb szakemberek munk\u00e1j\u00e1t. Az elm\u00falt h\u00e9ten megy\u00e9nkb\u0151l is t\u00f6bben \u00e1tvehettek d\u00edjakat Budapesten.<br \/>\n<br \/> Heged\u0171s Zsuzsanna 25 \u00e9ve dolgozik Sz\u00e9chenyi Istv\u00e1n Gimn\u00e1ziumban, a tantest\u00fclet alap\u00edt\u00f3 tagja. Munk\u00e1j\u00e1t id\u00e9n a Magyar K\u00f6zt\u00e1rsas\u00e1g Ez\u00fcst \u00c9rdemkeresztj\u00e9vel ismert\u00e9k el. Elmondta: ha ilyen magas kit\u00fcntet\u00e9st kap az ember, akkor abban nem \u0151 van egyed\u00fcl, hanem az a k\u00f6zeg, amiben t\u00e9nykedett; a koll\u00e9g\u00e1k, az iskolavezet\u00e9s, \u00e9s persze a gyerekek, akiket igyekezett ok\u00edtani, nevelni. Dr. Kaposv\u00e1ri Gy\u00f6ngyi, a Damjanich J\u00e1nos M\u00fazeum igazgat\u00f3helyettese augusztus 19-\u00e9n M\u00f3ra Ferenc-d\u00edjat kapott, mely azoknak a muzeol\u00f3gusoknak adom\u00e1nyozhat\u00f3 \u00e1llami kit\u00fcntet\u00e9s, akik jelent\u0151s teljes\u00edtm\u00e9ny\u00fckkel szakter\u00fclet\u00fck fejl\u0151d\u00e9s\u00e9t szolg\u00e1lt\u00e1k, \u00e9s tev\u00e9kenys\u00e9g\u00fckkel a m\u00fazeumi munka el\u0151rehalad\u00e1s\u00e1t seg\u00edtik. Pusztai Zsolt, a T\u00fari Fazekas M\u00fazeum igazgat\u00f3ja \u00c9letfa d\u00edjat vehetett \u00e1t. Az elismer\u00e9sben \u00e9vr\u0151l \u00e9vre azok r\u00e9szes\u00fclhetnek, akik tev\u00e9kenys\u00e9g\u00fckkel hozz\u00e1j\u00e1rultak a n\u00e9pm\u0171v\u00e9szet meg\u0151rz\u00e9s\u00e9hez, nemzed\u00e9kek k\u00f6z\u00f6tti \u00e1t\u00f6r\u00f6k\u00edt\u00e9s\u00e9hez. A d\u00edjakat R\u00e9thelyi Mikl\u00f3s nemzeti er\u0151forr\u00e1s miniszter adta \u00e1t.<br \/>\n<div style=\"width: 640px;\" class=\"wp-video\"><!--[if lt IE 9]><script>document.createElement('video');<\/script><![endif]-->\n<video class=\"wp-video-shortcode\" id=\"video-25882-1\" width=\"640\" height=\"360\" preload=\"metadata\" controls=\"controls\"><source type=\"video\/mp4\" src=\"\/spots\/hir\/hir_110822_01.mp4?_=1\" \/><a href=\"\/spots\/hir\/hir_110822_01.mp4\">\/spots\/hir\/hir_110822_01.mp4<\/a><\/video><\/div><\/p>\n","protected":false},"excerpt":{"rendered":"<p>Az \u00e1llamalap\u00edt\u00e1s \u00fcnnep\u00e9hez kapcsol\u00f3dva \u00e9vr\u0151l \u00e9vre kit\u00fcntet\u00e9sekkel, d\u00edjakkal ismerik el a legkiv\u00e1l\u00f3bb szakemberek munk\u00e1j\u00e1t. Az elm\u00falt h\u00e9ten megy\u00e9nkb\u0151l is t\u00f6bben \u00e1tvehettek d\u00edjakat Budapesten. Heged\u0171s Zsuzsanna 25 \u00e9ve dolgozik Sz\u00e9chenyi Istv\u00e1n Gimn\u00e1ziumban, a tantest\u00fclet alap\u00edt\u00f3 tagja. Munk\u00e1j\u00e1t id\u00e9n a Magyar K\u00f6zt\u00e1rsas\u00e1g Ez\u00fcst \u00c9rdemkeresztj\u00e9vel ismert\u00e9k el. Elmondta: ha ilyen magas kit\u00fcntet\u00e9st kap az ember, akkor abban nem [&hellip;]<\/p>\n","protected":false},"author":2,"featured_media":0,"comment_status":"open","ping_status":"open","sticky":false,"template":"","format":"standard","meta":[],"categories":[21],"tags":[],"_links":{"self":[{"href":"http:\/\/archiv.szolnoktv.hu\/index.php?rest_route=\/wp\/v2\/posts\/25882"}],"collection":[{"href":"http:\/\/archiv.szolnoktv.hu\/index.php?rest_route=\/wp\/v2\/posts"}],"about":[{"href":"http:\/\/archiv.szolnoktv.hu\/index.php?rest_route=\/wp\/v2\/types\/post"}],"author":[{"embeddable":true,"href":"http:\/\/archiv.szolnoktv.hu\/index.php?rest_route=\/wp\/v2\/users\/2"}],"replies":[{"embeddable":true,"href":"http:\/\/archiv.szolnoktv.hu\/index.php?rest_route=%2Fwp%2Fv2%2Fcomments&post=25882"}],"version-history":[{"count":1,"href":"http:\/\/archiv.szolnoktv.hu\/index.php?rest_route=\/wp\/v2\/posts\/25882\/revisions"}],"predecessor-version":[{"id":25967,"href":"http:\/\/archiv.szolnoktv.hu\/index.php?rest_route=\/wp\/v2\/posts\/25882\/revisions\/25967"}],"wp:attachment":[{"href":"http:\/\/archiv.szolnoktv.hu\/index.php?rest_route=%2Fwp%2Fv2%2Fmedia&parent=25882"}],"wp:term":[{"taxonomy":"category","embeddable":true,"href":"http:\/\/archiv.szolnoktv.hu\/index.php?rest_route=%2Fwp%2Fv2%2Fcategories&post=25882"},{"taxonomy":"post_tag","embeddable":true,"href":"http:\/\/archiv.szolnoktv.hu\/index.php?rest_route=%2Fwp%2Fv2%2Ftags&post=25882"}],"curies":[{"name":"wp","href":"https:\/\/api.w.org\/{rel}","templated":true}]}}