{"id":25881,"date":"2011-08-21T16:18:18","date_gmt":"2011-08-21T16:18:18","guid":{"rendered":"http:\/\/archiv.szolnoktv.hu\/?p=25881"},"modified":"2021-10-28T17:31:35","modified_gmt":"2021-10-28T17:31:35","slug":"elfogyasztottuk-a-nemzet-kenyeret","status":"publish","type":"post","link":"http:\/\/archiv.szolnoktv.hu\/?p=25881","title":{"rendered":"Elfogyasztottuk a Nemzet Kenyer\u00e9t"},"content":{"rendered":"<div class='booster-block booster-read-block'><\/div><p>Elfogyasztottuk a nemzet kenyer\u00e9t. Szent Istv\u00e1n napj\u00e1ra elk\u00e9sz\u00fclt a Szolnok Telev\u00edzi\u00f3 kezdem\u00e9nyez\u00e9se nyom\u00e1n a  Nemzet kenyere  Az \u00f3ri\u00e1skeny\u00e9r alf\u00f6ldi lisztb\u0151l, a h\u00edres sepsiszentgy\u00f6rgyi Di\u00f3szegi p\u00e9ks\u00e9gben k\u00e9sz\u00fcl. A t\u00f6bb mint 5o kilogrammos keny\u00e9r szinte harminc perc alatt fogyott el az \u00fcnnepre kitelep\u00fclt st\u00e1b s\u00e1tr\u00e1n\u00e1l.<br \/>\n<br \/> Az \u00f3ri\u00e1skeny\u00e9r alf\u00f6ldi lisztb\u0151l k\u00e9sz\u00fclt. Hamis\u00edtatlan magyar b\u00faz\u00e1b\u00f3l \u0151r\u00f6lt\u00e9k a lisztet finomra a j\u00e1szber\u00e9nyi Szatm\u00e1ri Malomban.Innen sz\u00e1ll\u00edtott\u00e1k  Sepsiszentgy\u00f6rgyre, ahol j\u00f6vetel\u00fcnket \u00e9s sz\u00e1nd\u00e9kunkat \u00f6r\u00f6mmel fogadta a rekordkeny\u00e9r k\u00e9sz\u00edt\u0151je, Di\u00f3szegi L\u00e1szl\u00f3 p\u00e9kmester is. A sepsiszentgy\u00f6rgyi Di\u00f3szegi p\u00e9ks\u00e9g krumplival k\u00e9sz\u00fclt kenyere a legnagyobb egybens\u00fct\u00f6tt, cip\u00f3form\u00e1j\u00fa keny\u00e9r a vil\u00e1gon. \u00c1m a p\u00e9ks\u00e9gben nemcsak egy, hanem kett\u0151 keny\u00e9r is k\u00e9sz\u00fclt .A  m\u00e1sik ott maradt H\u00e1romsz\u00e9k f\u0151v\u00e1ros\u00e1ban, a k\u00e9t kenyeret egy id\u0151ben szentelt\u00e9k meg. Az el\u00f6lj\u00e1r\u00f3k  \u00fcnnep\u00e9lyesen meg is szegt\u00e9k azt.<br \/>\n<div style=\"width: 640px;\" class=\"wp-video\"><!--[if lt IE 9]><script>document.createElement('video');<\/script><![endif]-->\n<video class=\"wp-video-shortcode\" id=\"video-25881-1\" width=\"640\" height=\"360\" preload=\"metadata\" controls=\"controls\"><source type=\"video\/mp4\" src=\"\/spots\/hir\/hir_110821_01.mp4?_=1\" \/><a href=\"\/spots\/hir\/hir_110821_01.mp4\">\/spots\/hir\/hir_110821_01.mp4<\/a><\/video><\/div><\/p>\n","protected":false},"excerpt":{"rendered":"<p>Elfogyasztottuk a nemzet kenyer\u00e9t. Szent Istv\u00e1n napj\u00e1ra elk\u00e9sz\u00fclt a Szolnok Telev\u00edzi\u00f3 kezdem\u00e9nyez\u00e9se nyom\u00e1n a Nemzet kenyere Az \u00f3ri\u00e1skeny\u00e9r alf\u00f6ldi lisztb\u0151l, a h\u00edres sepsiszentgy\u00f6rgyi Di\u00f3szegi p\u00e9ks\u00e9gben k\u00e9sz\u00fcl. A t\u00f6bb mint 5o kilogrammos keny\u00e9r szinte harminc perc alatt fogyott el az \u00fcnnepre kitelep\u00fclt st\u00e1b s\u00e1tr\u00e1n\u00e1l. Az \u00f3ri\u00e1skeny\u00e9r alf\u00f6ldi lisztb\u0151l k\u00e9sz\u00fclt. Hamis\u00edtatlan magyar b\u00faz\u00e1b\u00f3l \u0151r\u00f6lt\u00e9k a lisztet finomra [&hellip;]<\/p>\n","protected":false},"author":2,"featured_media":0,"comment_status":"open","ping_status":"open","sticky":false,"template":"","format":"standard","meta":[],"categories":[21],"tags":[],"_links":{"self":[{"href":"http:\/\/archiv.szolnoktv.hu\/index.php?rest_route=\/wp\/v2\/posts\/25881"}],"collection":[{"href":"http:\/\/archiv.szolnoktv.hu\/index.php?rest_route=\/wp\/v2\/posts"}],"about":[{"href":"http:\/\/archiv.szolnoktv.hu\/index.php?rest_route=\/wp\/v2\/types\/post"}],"author":[{"embeddable":true,"href":"http:\/\/archiv.szolnoktv.hu\/index.php?rest_route=\/wp\/v2\/users\/2"}],"replies":[{"embeddable":true,"href":"http:\/\/archiv.szolnoktv.hu\/index.php?rest_route=%2Fwp%2Fv2%2Fcomments&post=25881"}],"version-history":[{"count":1,"href":"http:\/\/archiv.szolnoktv.hu\/index.php?rest_route=\/wp\/v2\/posts\/25881\/revisions"}],"predecessor-version":[{"id":25968,"href":"http:\/\/archiv.szolnoktv.hu\/index.php?rest_route=\/wp\/v2\/posts\/25881\/revisions\/25968"}],"wp:attachment":[{"href":"http:\/\/archiv.szolnoktv.hu\/index.php?rest_route=%2Fwp%2Fv2%2Fmedia&parent=25881"}],"wp:term":[{"taxonomy":"category","embeddable":true,"href":"http:\/\/archiv.szolnoktv.hu\/index.php?rest_route=%2Fwp%2Fv2%2Fcategories&post=25881"},{"taxonomy":"post_tag","embeddable":true,"href":"http:\/\/archiv.szolnoktv.hu\/index.php?rest_route=%2Fwp%2Fv2%2Ftags&post=25881"}],"curies":[{"name":"wp","href":"https:\/\/api.w.org\/{rel}","templated":true}]}}