{"id":25880,"date":"2011-08-19T16:58:33","date_gmt":"2011-08-19T16:58:33","guid":{"rendered":"http:\/\/archiv.szolnoktv.hu\/?p=25880"},"modified":"2021-10-28T17:31:35","modified_gmt":"2021-10-28T17:31:35","slug":"kezdodik-az-orokseg-fesztival","status":"publish","type":"post","link":"http:\/\/archiv.szolnoktv.hu\/?p=25880","title":{"rendered":"Kezd\u0151dik az \u00d6r\u00f6ks\u00e9g Fesztiv\u00e1l"},"content":{"rendered":"<div class='booster-block booster-read-block'><\/div><p>Imm\u00e1r 16. \u00e9ve csend\u00fclnek fel a &#8220;vil\u00e1gok zen\u00e9i&#8221;&#8221; az \u00d6r\u00f6ks\u00e9g Etnozenei, Folk \u00e9s Folkrock Fesztiv\u00e1lon. A koncertekre p\u00e9nteken \u00e9s szombaton este v\u00e1rj\u00e1k az \u00e9rdekl\u0151d\u0151ket.rn   &#8221;<br \/>\n<br \/> Vasbetonmacsk\u00e1k d\u00e9lut\u00e1nj\u00e1val kezd\u0151d\u00f6tt az idei fesztiv\u00e1l. Az \u00e9p\u00fcl\u0151 sz\u00ednpadok alkatr\u00e9szei k\u00f6z\u00f6tt szolnoki fiatalok k\u00e9sz\u00fcltek arra, hogy megmutass\u00e1k m\u0171v\u00e9szi alkot\u00e1saikat a j\u00e1r\u00f3kel\u0151knek. Az egyik szervez\u0151, Szutorisz Szabolcs Bence elmondta: legf\u0151bb c\u00e9ljuk az, hogy az emberek, akik \u00e1ts\u00e9t\u00e1lnak a t\u00e9ren, egy pillanatra meg\u00e1lljanak, \u00e9s megtapasztalj\u00e1k, milyen, ha egy t\u00e9r kicsit funkci\u00f3t v\u00e1lt \u00e9s a m\u0171alkot\u00e1sok kil\u00e9pnek ebbe a k\u00f6zegbe. Az \u00d6r\u00f6ks\u00e9g fesztiv\u00e1l az etno, folk, folkrock zene kedvel\u0151inek imm\u00e1r 16. alkalommal megrendezett \u00fcnnepe. A nagysz\u00ednpadon ism\u00e9t egym\u00e1snak adj\u00e1k majd a mikrofont a fiatal \u00e9s a m\u00e1r nevet szerzett hazai \u00e9s k\u00fclf\u00f6ldi vil\u00e1gzenei el\u0151ad\u00f3k. A kissz\u00ednpadon a helyi \u00e9s k\u00f6rny\u00e9kbeli csapatok mutatkoznak be. A fesztiv\u00e1lon a hangulatot a finom falatok, zamatos p\u00e1link\u00e1k, \u00e9s j\u00f3f\u00e9le ned\u0171k teszik majd teljess\u00e9. Lesz p\u00e9ld\u00e1ul orosz s\u00f6r \u00e9s bolg\u00e1r bor. A koncertek p\u00e9nteken este 7 \u00f3r\u00e1t\u00f3l, szombaton pedig 6 \u00f3r\u00e1t\u00f3l kezd\u0151dnek. A r\u00e9szletes program megtal\u00e1lhat\u00f3 a www.festival.altpop.hu weboldalon.<br \/>\n<div style=\"width: 640px;\" class=\"wp-video\"><!--[if lt IE 9]><script>document.createElement('video');<\/script><![endif]-->\n<video class=\"wp-video-shortcode\" id=\"video-25880-1\" width=\"640\" height=\"360\" preload=\"metadata\" controls=\"controls\"><source type=\"video\/mp4\" src=\"\/spots\/hir\/hir_110819_03.mp4?_=1\" \/><a href=\"\/spots\/hir\/hir_110819_03.mp4\">\/spots\/hir\/hir_110819_03.mp4<\/a><\/video><\/div><\/p>\n","protected":false},"excerpt":{"rendered":"<p>Imm\u00e1r 16. \u00e9ve csend\u00fclnek fel a &#8220;vil\u00e1gok zen\u00e9i&#8221;&#8221; az \u00d6r\u00f6ks\u00e9g Etnozenei, Folk \u00e9s Folkrock Fesztiv\u00e1lon. A koncertekre p\u00e9nteken \u00e9s szombaton este v\u00e1rj\u00e1k az \u00e9rdekl\u0151d\u0151ket.rn &#8221; Vasbetonmacsk\u00e1k d\u00e9lut\u00e1nj\u00e1val kezd\u0151d\u00f6tt az idei fesztiv\u00e1l. Az \u00e9p\u00fcl\u0151 sz\u00ednpadok alkatr\u00e9szei k\u00f6z\u00f6tt szolnoki fiatalok k\u00e9sz\u00fcltek arra, hogy megmutass\u00e1k m\u0171v\u00e9szi alkot\u00e1saikat a j\u00e1r\u00f3kel\u0151knek. Az egyik szervez\u0151, Szutorisz Szabolcs Bence elmondta: legf\u0151bb c\u00e9ljuk [&hellip;]<\/p>\n","protected":false},"author":2,"featured_media":0,"comment_status":"open","ping_status":"open","sticky":false,"template":"","format":"standard","meta":[],"categories":[21],"tags":[],"_links":{"self":[{"href":"http:\/\/archiv.szolnoktv.hu\/index.php?rest_route=\/wp\/v2\/posts\/25880"}],"collection":[{"href":"http:\/\/archiv.szolnoktv.hu\/index.php?rest_route=\/wp\/v2\/posts"}],"about":[{"href":"http:\/\/archiv.szolnoktv.hu\/index.php?rest_route=\/wp\/v2\/types\/post"}],"author":[{"embeddable":true,"href":"http:\/\/archiv.szolnoktv.hu\/index.php?rest_route=\/wp\/v2\/users\/2"}],"replies":[{"embeddable":true,"href":"http:\/\/archiv.szolnoktv.hu\/index.php?rest_route=%2Fwp%2Fv2%2Fcomments&post=25880"}],"version-history":[{"count":1,"href":"http:\/\/archiv.szolnoktv.hu\/index.php?rest_route=\/wp\/v2\/posts\/25880\/revisions"}],"predecessor-version":[{"id":25969,"href":"http:\/\/archiv.szolnoktv.hu\/index.php?rest_route=\/wp\/v2\/posts\/25880\/revisions\/25969"}],"wp:attachment":[{"href":"http:\/\/archiv.szolnoktv.hu\/index.php?rest_route=%2Fwp%2Fv2%2Fmedia&parent=25880"}],"wp:term":[{"taxonomy":"category","embeddable":true,"href":"http:\/\/archiv.szolnoktv.hu\/index.php?rest_route=%2Fwp%2Fv2%2Fcategories&post=25880"},{"taxonomy":"post_tag","embeddable":true,"href":"http:\/\/archiv.szolnoktv.hu\/index.php?rest_route=%2Fwp%2Fv2%2Ftags&post=25880"}],"curies":[{"name":"wp","href":"https:\/\/api.w.org\/{rel}","templated":true}]}}