{"id":25879,"date":"2011-08-19T16:55:50","date_gmt":"2011-08-19T16:55:50","guid":{"rendered":"http:\/\/archiv.szolnoktv.hu\/?p=25879"},"modified":"2021-10-28T17:31:35","modified_gmt":"2021-10-28T17:31:35","slug":"adomanyokat-gyujtenek-a-mazsorettek","status":"publish","type":"post","link":"http:\/\/archiv.szolnoktv.hu\/?p=25879","title":{"rendered":"Adom\u00e1nyokat gy\u0171jtenek a mazsorettek"},"content":{"rendered":"<div class='booster-block booster-read-block'><\/div><p>A szov\u00e1tai gyermekotthonnak gy\u0171jtenek adom\u00e1nyokat a szolnoki mazsorettek. A be\u00e9rkezett tiszt\u00edt\u00f3szereket \u00e9s taneszk\u00f6z\u00f6ket szeptember elej\u00e9n, erd\u00e9lyi koncertk\u00f6r\u00fatjukon fogj\u00e1k \u00e1tadni.<br \/>\n<br \/> A Szolnoki Mazsorett \u00e9s Z\u00e1szl\u00f3forgat\u00f3 Csoport tagjai a Szolnoki Ifj\u00fas\u00e1gi F\u00fav\u00f3szenekarral szeptember elej\u00e9n egy erd\u00e9lyi koncertk\u00f6r\u00fatra indulnak. Els\u0151 \u00e1llom\u00e1suk Szov\u00e1ta, ahol j\u00f3t\u00e9konys\u00e1gi koncertet adnak a D\u00e9vai Szent Ferenc Alap\u00edtv\u00e1ny \u00e1ltal m\u0171k\u00f6dtetett Szent J\u00f3zsef Gyermekotthon lak\u00f3inak. A szolnoki fiatalok azonban nemcsak a m\u0171sorral szeretn\u00e9nek nekik kedveskedni, hanem adom\u00e1nyokkal is. P\u00e9ly Ildik\u00f3 m\u0171v\u00e9szeti vezet\u0151 elmondta: felvett\u00e9k a kapcsolatot az otthon vezet\u0151j\u00e9vel \u00e9s megk\u00e9rdezt\u00e9k, hogy a szolnoki gyermekek mivel tudn\u00e1nak seg\u00edteni a szov\u00e1tai gyermekeknek. \u00cdgy tudt\u00e1k meg, hogy els\u0151sorban tiszt\u00e1lkod\u00e1si eszk\u00f6z\u00f6kre, tisz\u00edt\u00f3szerekre, az iskolakezd\u00e9shez sz\u00fcks\u00e9ges t\u00e1rgyakra &#8211; pl. f\u00fczet, oll\u00f3, ceruza, rad\u00edr, filctoll, gyurma &#8211; lenne a legjobban sz\u00fcks\u00e9g\u00fck. Aki seg\u00edteni szeretne, Szolnokon h\u00e1rom helysz\u00ednre viheti adom\u00e1nyait: az Aba-Nov\u00e1k Kultur\u00e1lis K\u00f6zpont inform\u00e1ci\u00f3s pultj\u00e1hoz, a Sz\u00e9chenyin a Csoda Csibe \u00fczletbe, \u00e9s az \u00c1ld\u00e1sv\u00edz Kft. Zs\u00e1lya utcai sz\u00e9khely\u00e9re. A felaj\u00e1nlott taneszk\u00f6z\u00f6ket \u00e9s tiszt\u00e1lkod\u00f3szereket augusztus 30-ig v\u00e1rj\u00e1k.<br \/>\n<div style=\"width: 640px;\" class=\"wp-video\"><!--[if lt IE 9]><script>document.createElement('video');<\/script><![endif]-->\n<video class=\"wp-video-shortcode\" id=\"video-25879-1\" width=\"640\" height=\"360\" preload=\"metadata\" controls=\"controls\"><source type=\"video\/mp4\" src=\"\/spots\/hir\/hir_110819_01.mp4?_=1\" \/><a href=\"\/spots\/hir\/hir_110819_01.mp4\">\/spots\/hir\/hir_110819_01.mp4<\/a><\/video><\/div><\/p>\n","protected":false},"excerpt":{"rendered":"<p>A szov\u00e1tai gyermekotthonnak gy\u0171jtenek adom\u00e1nyokat a szolnoki mazsorettek. A be\u00e9rkezett tiszt\u00edt\u00f3szereket \u00e9s taneszk\u00f6z\u00f6ket szeptember elej\u00e9n, erd\u00e9lyi koncertk\u00f6r\u00fatjukon fogj\u00e1k \u00e1tadni. A Szolnoki Mazsorett \u00e9s Z\u00e1szl\u00f3forgat\u00f3 Csoport tagjai a Szolnoki Ifj\u00fas\u00e1gi F\u00fav\u00f3szenekarral szeptember elej\u00e9n egy erd\u00e9lyi koncertk\u00f6r\u00fatra indulnak. Els\u0151 \u00e1llom\u00e1suk Szov\u00e1ta, ahol j\u00f3t\u00e9konys\u00e1gi koncertet adnak a D\u00e9vai Szent Ferenc Alap\u00edtv\u00e1ny \u00e1ltal m\u0171k\u00f6dtetett Szent J\u00f3zsef Gyermekotthon lak\u00f3inak. A [&hellip;]<\/p>\n","protected":false},"author":2,"featured_media":0,"comment_status":"open","ping_status":"open","sticky":false,"template":"","format":"standard","meta":[],"categories":[21],"tags":[],"_links":{"self":[{"href":"http:\/\/archiv.szolnoktv.hu\/index.php?rest_route=\/wp\/v2\/posts\/25879"}],"collection":[{"href":"http:\/\/archiv.szolnoktv.hu\/index.php?rest_route=\/wp\/v2\/posts"}],"about":[{"href":"http:\/\/archiv.szolnoktv.hu\/index.php?rest_route=\/wp\/v2\/types\/post"}],"author":[{"embeddable":true,"href":"http:\/\/archiv.szolnoktv.hu\/index.php?rest_route=\/wp\/v2\/users\/2"}],"replies":[{"embeddable":true,"href":"http:\/\/archiv.szolnoktv.hu\/index.php?rest_route=%2Fwp%2Fv2%2Fcomments&post=25879"}],"version-history":[{"count":1,"href":"http:\/\/archiv.szolnoktv.hu\/index.php?rest_route=\/wp\/v2\/posts\/25879\/revisions"}],"predecessor-version":[{"id":25970,"href":"http:\/\/archiv.szolnoktv.hu\/index.php?rest_route=\/wp\/v2\/posts\/25879\/revisions\/25970"}],"wp:attachment":[{"href":"http:\/\/archiv.szolnoktv.hu\/index.php?rest_route=%2Fwp%2Fv2%2Fmedia&parent=25879"}],"wp:term":[{"taxonomy":"category","embeddable":true,"href":"http:\/\/archiv.szolnoktv.hu\/index.php?rest_route=%2Fwp%2Fv2%2Fcategories&post=25879"},{"taxonomy":"post_tag","embeddable":true,"href":"http:\/\/archiv.szolnoktv.hu\/index.php?rest_route=%2Fwp%2Fv2%2Ftags&post=25879"}],"curies":[{"name":"wp","href":"https:\/\/api.w.org\/{rel}","templated":true}]}}