{"id":25878,"date":"2011-08-18T18:01:38","date_gmt":"2011-08-18T18:01:38","guid":{"rendered":"http:\/\/archiv.szolnoktv.hu\/?p=25878"},"modified":"2021-10-28T17:31:35","modified_gmt":"2021-10-28T17:31:35","slug":"unnepi-kozgyules-a-megyehazan","status":"publish","type":"post","link":"http:\/\/archiv.szolnoktv.hu\/?p=25878","title":{"rendered":"\u00dcnnepi k\u00f6zgy\u0171l\u00e9s a Megyeh\u00e1z\u00e1n"},"content":{"rendered":"<div class='booster-block booster-read-block'><\/div><p>A telep\u00fcl\u00e9s\u00fck\u00e9rt \u00e9s a megy\u00e9\u00e9rt kiemelked\u0151 \u00e9s p\u00e9lda\u00e9rt\u00e9k\u0171 munk\u00e1t v\u00e9gz\u0151 szakemberek sok\u00e9ves tev\u00e9kenys\u00e9g\u00e9t ismert\u00e9k el d\u00e9lel\u0151tt a J\u00e1sz-Nagykun-Szolnok Megyei K\u00f6zgy\u0171l\u00e9s \u00fcnnepi megeml\u00e9kez\u00e9s\u00e9n. A d\u00edjakat id\u00e9n 12-en vehett\u00e9k \u00e1t.<br \/>\n<br \/>  Az \u00fcnnepi k\u00f6zgy\u0171l\u00e9s keret\u00e9ben id\u00e9n is elismer\u00e9sben r\u00e9szes\u00fcltek a megy\u00e9ben kiemelked\u0151 \u00e9s p\u00e9lda\u00e9rt\u00e9k\u0171 munk\u00e1t v\u00e9gz\u0151 szakemberek. J\u00e1sz-Nagykun-Szolnok Megy\u00e9\u00e9rt D\u00edjat kapott Dr. Farkas Ferenc, j\u00e1szber\u00e9nyi nyugalmazott f\u0151iskolai tan\u00e1r, Gy\u00f6rfi S\u00e1ndor, karcagi szobr\u00e1szm\u0171v\u00e9sz, Dr. T\u00e1rnoki Judit, a Damjanich J\u00e1nos M\u00fazeum r\u00e9g\u00e9sz-muzeol\u00f3gusa, a J\u00e1szkun Vol\u00e1n Zrt. \u00e9s Dr. Szereday Ildik\u00f3, a Het\u00e9nyi G\u00e9za K\u00f3rh\u00e1z T\u00fcd\u0151gondoz\u00f3 Int\u00e9zet\u00e9nek vezet\u0151 f\u0151orvosa. J\u00e1sz-Nagykun-Szolnok Megye Eur\u00f3pa D\u00edj\u00e1t id\u00e9n Dank\u00f3n\u00e9 Szab\u00f3 Editnek, a Europe Direct Szolnok Eur\u00f3pai Inform\u00e1ci\u00f3s Pont irodavezet\u0151j\u00e9nek \u00edt\u00e9lt\u00e9k. J\u00e1sz-Nagykun-Szolnok Megyei Gazdas\u00e1gi D\u00edjban r\u00e9szes\u00fclt F\u00fcl\u00f6p G\u00e1bor Zolt\u00e1n, a karcagi AgroSprint Kft. \u00fcgyvezet\u0151 igazgat\u00f3ja, Katona G\u00e1bor, a j\u00e1szlad\u00e1nyi T-Plasztik Kft. \u00fcgyvezet\u0151 igazgat\u00f3ja \u00e9s Szatm\u00e1ri Zolt\u00e1n, a j\u00e1szber\u00e9nyi Szatm\u00e1ri Kft. \u00fcgyvezet\u0151 igazgat\u00f3ja. A J\u00e1sz-Nagykun-Szolnok Megyei Testnevel\u00e9si \u00e9s Sport D\u00edjat Bert\u00e1n Istv\u00e1n, t\u00f6r\u00f6kszentmikl\u00f3si atl\u00e9ta edz\u0151, Gallai Antal, a j\u00e1szber\u00e9nyi Kos\u00e1rlabda Sport Egyes\u00fclet volt eln\u00f6ke \u00e9s \u00d6kr\u00f6s G\u00e1bor, karcagi labdar\u00fag\u00f3 szakoszt\u00e1lyvezet\u0151 kapta. A d\u00edjakat Kov\u00e1cs S\u00e1ndor, a megyei k\u00f6zgy\u0171l\u00e9s eln\u00f6ke \u00e9s Renztn\u00e9 dr. Bezd\u00e1n Edit megyei f\u0151jegyz\u0151 adt\u00e1k \u00e1t.<br \/>\n<div style=\"width: 640px;\" class=\"wp-video\"><!--[if lt IE 9]><script>document.createElement('video');<\/script><![endif]-->\n<video class=\"wp-video-shortcode\" id=\"video-25878-1\" width=\"640\" height=\"360\" preload=\"metadata\" controls=\"controls\"><source type=\"video\/mp4\" src=\"\/spots\/hir\/hir_110818_03.mp4?_=1\" \/><a href=\"\/spots\/hir\/hir_110818_03.mp4\">\/spots\/hir\/hir_110818_03.mp4<\/a><\/video><\/div><\/p>\n","protected":false},"excerpt":{"rendered":"<p>A telep\u00fcl\u00e9s\u00fck\u00e9rt \u00e9s a megy\u00e9\u00e9rt kiemelked\u0151 \u00e9s p\u00e9lda\u00e9rt\u00e9k\u0171 munk\u00e1t v\u00e9gz\u0151 szakemberek sok\u00e9ves tev\u00e9kenys\u00e9g\u00e9t ismert\u00e9k el d\u00e9lel\u0151tt a J\u00e1sz-Nagykun-Szolnok Megyei K\u00f6zgy\u0171l\u00e9s \u00fcnnepi megeml\u00e9kez\u00e9s\u00e9n. A d\u00edjakat id\u00e9n 12-en vehett\u00e9k \u00e1t. Az \u00fcnnepi k\u00f6zgy\u0171l\u00e9s keret\u00e9ben id\u00e9n is elismer\u00e9sben r\u00e9szes\u00fcltek a megy\u00e9ben kiemelked\u0151 \u00e9s p\u00e9lda\u00e9rt\u00e9k\u0171 munk\u00e1t v\u00e9gz\u0151 szakemberek. J\u00e1sz-Nagykun-Szolnok Megy\u00e9\u00e9rt D\u00edjat kapott Dr. Farkas Ferenc, j\u00e1szber\u00e9nyi nyugalmazott f\u0151iskolai tan\u00e1r, [&hellip;]<\/p>\n","protected":false},"author":2,"featured_media":0,"comment_status":"open","ping_status":"open","sticky":false,"template":"","format":"standard","meta":[],"categories":[21],"tags":[],"_links":{"self":[{"href":"http:\/\/archiv.szolnoktv.hu\/index.php?rest_route=\/wp\/v2\/posts\/25878"}],"collection":[{"href":"http:\/\/archiv.szolnoktv.hu\/index.php?rest_route=\/wp\/v2\/posts"}],"about":[{"href":"http:\/\/archiv.szolnoktv.hu\/index.php?rest_route=\/wp\/v2\/types\/post"}],"author":[{"embeddable":true,"href":"http:\/\/archiv.szolnoktv.hu\/index.php?rest_route=\/wp\/v2\/users\/2"}],"replies":[{"embeddable":true,"href":"http:\/\/archiv.szolnoktv.hu\/index.php?rest_route=%2Fwp%2Fv2%2Fcomments&post=25878"}],"version-history":[{"count":1,"href":"http:\/\/archiv.szolnoktv.hu\/index.php?rest_route=\/wp\/v2\/posts\/25878\/revisions"}],"predecessor-version":[{"id":25971,"href":"http:\/\/archiv.szolnoktv.hu\/index.php?rest_route=\/wp\/v2\/posts\/25878\/revisions\/25971"}],"wp:attachment":[{"href":"http:\/\/archiv.szolnoktv.hu\/index.php?rest_route=%2Fwp%2Fv2%2Fmedia&parent=25878"}],"wp:term":[{"taxonomy":"category","embeddable":true,"href":"http:\/\/archiv.szolnoktv.hu\/index.php?rest_route=%2Fwp%2Fv2%2Fcategories&post=25878"},{"taxonomy":"post_tag","embeddable":true,"href":"http:\/\/archiv.szolnoktv.hu\/index.php?rest_route=%2Fwp%2Fv2%2Ftags&post=25878"}],"curies":[{"name":"wp","href":"https:\/\/api.w.org\/{rel}","templated":true}]}}