{"id":25877,"date":"2011-08-18T17:59:15","date_gmt":"2011-08-18T17:59:15","guid":{"rendered":"http:\/\/archiv.szolnoktv.hu\/?p=25877"},"modified":"2021-10-28T17:31:35","modified_gmt":"2021-10-28T17:31:35","slug":"almok-mesek-mitoszok-a-galeriaban","status":"publish","type":"post","link":"http:\/\/archiv.szolnoktv.hu\/?p=25877","title":{"rendered":"\u00c1lmok, mes\u00e9k, m\u00edtoszok a Gal\u00e9ri\u00e1ban"},"content":{"rendered":"<div class='booster-block booster-read-block'><\/div><p>\u00c1lmok, mes\u00e9k, m\u00edtoszok. Ezzel a c\u00edmmel ny\u00edlt ki\u00e1ll\u00edt\u00e1s cs\u00fct\u00f6rt\u00f6k\u00f6n d\u00e9lut\u00e1n a Gal\u00e9ri\u00e1ban. A t\u00e1rlat t\u00e1bl\u00e1i, grafik\u00e1i, festm\u00e9nyei \u00e9s szobrai az Antal-Lusztig gy\u0171jtem\u00e9nyb\u0151l ker\u00fcltek Szolnokra.<br \/>\n<br \/>   Az Antal-Lusztig gy\u0171jtem\u00e9ny Magyarorsz\u00e1g egyik legnagyobb k\u00e9pz\u0151m\u0171v\u00e9szeti mag\u00e1ngy\u0171jtem\u00e9nye, melyb\u0151l nyomon k\u00f6vethet\u0151 az eg\u00e9sz m\u00falt sz\u00e1zadi magyar k\u00e9pz\u0151m\u0171v\u00e9szet fejl\u0151d\u00e9se. Dr. Antal P\u00e9ter, a gy\u0171jtem\u00e9ny tulajdonosa elmondta: a gy\u0171jtem\u00e9ny k\u00e9pz\u0151m\u0171v\u00e9szeti r\u00e9sze kb. 4000 darabb\u00f3l \u00e1ll, az iparm\u0171v\u00e9szeti, egyh\u00e1zm\u0171v\u00e9szeti \u00e9s archeol\u00f3giai t\u00e1rgyakb\u00f3l \u00e1ll\u00f3 r\u00e9sz pedig m\u00e1sik 3-4000 darabot sz\u00e1ml\u00e1l. Ebb\u0151l a p\u00e9lda\u00e9rt\u00e9k\u0171 gy\u0171jtem\u00e9nyb\u0151l sz\u00e1rmaz\u00f3 alkot\u00e1sokb\u00f3l ny\u00edlt ki\u00e1ll\u00edt\u00e1s cs\u00fct\u00f6rt\u00f6k\u00f6n d\u00e9lut\u00e1n a Szolnoki  Gal\u00e9ri\u00e1ban. A t\u00e1rlatot Zsolnay L\u00e1szl\u00f3 m\u0171v\u00e9szett\u00f6rt\u00e9n\u00e9sz rendezte az \u00e1lmok, mes\u00e9k, m\u00edtoszok tematika alapj\u00e1n azzal a c\u00e9llal, hogy r\u00e1b\u00edrja a l\u00e1togat\u00f3kat, pr\u00f3b\u00e1lj\u00e1k meg\u00e9rteni a m\u0171vek l\u00e9trehoz\u00e1s\u00e1nak sz\u00e1nd\u00e9k\u00e1t, c\u00e9lj\u00e1t, ahogyan az \u0151si kult\u00far\u00e1k emberei meg\u00e9rtett\u00e9k m\u0171v\u00e9szeik vizu\u00e1lis nyelv\u00e9t. Ez\u00e9rt vegy\u00edtett\u00e9k egym\u00e1ssal a r\u00e9gi \u00e9s \u00faj m\u0171veket, hogy \u00e9rz\u00e9keltess\u00e9k, az alkot\u00f3 m\u0171v\u00e9szet folyton visszany\u00falik ezekhez az \u0151si kifejez\u00e9sm\u00f3dokhoz, gy\u00f6kerekhez. A ki\u00e1ll\u00edt\u00e1s okt\u00f3ber 9-ig tekinthet\u0151 meg.<br \/>\n<div style=\"width: 640px;\" class=\"wp-video\"><!--[if lt IE 9]><script>document.createElement('video');<\/script><![endif]-->\n<video class=\"wp-video-shortcode\" id=\"video-25877-1\" width=\"640\" height=\"360\" preload=\"metadata\" controls=\"controls\"><source type=\"video\/mp4\" src=\"\/spots\/hir\/hir_110818_04.mp4?_=1\" \/><a href=\"\/spots\/hir\/hir_110818_04.mp4\">\/spots\/hir\/hir_110818_04.mp4<\/a><\/video><\/div><\/p>\n","protected":false},"excerpt":{"rendered":"<p>\u00c1lmok, mes\u00e9k, m\u00edtoszok. Ezzel a c\u00edmmel ny\u00edlt ki\u00e1ll\u00edt\u00e1s cs\u00fct\u00f6rt\u00f6k\u00f6n d\u00e9lut\u00e1n a Gal\u00e9ri\u00e1ban. A t\u00e1rlat t\u00e1bl\u00e1i, grafik\u00e1i, festm\u00e9nyei \u00e9s szobrai az Antal-Lusztig gy\u0171jtem\u00e9nyb\u0151l ker\u00fcltek Szolnokra. Az Antal-Lusztig gy\u0171jtem\u00e9ny Magyarorsz\u00e1g egyik legnagyobb k\u00e9pz\u0151m\u0171v\u00e9szeti mag\u00e1ngy\u0171jtem\u00e9nye, melyb\u0151l nyomon k\u00f6vethet\u0151 az eg\u00e9sz m\u00falt sz\u00e1zadi magyar k\u00e9pz\u0151m\u0171v\u00e9szet fejl\u0151d\u00e9se. Dr. Antal P\u00e9ter, a gy\u0171jtem\u00e9ny tulajdonosa elmondta: a gy\u0171jtem\u00e9ny k\u00e9pz\u0151m\u0171v\u00e9szeti r\u00e9sze kb. 4000 [&hellip;]<\/p>\n","protected":false},"author":2,"featured_media":0,"comment_status":"open","ping_status":"open","sticky":false,"template":"","format":"standard","meta":[],"categories":[21],"tags":[],"_links":{"self":[{"href":"http:\/\/archiv.szolnoktv.hu\/index.php?rest_route=\/wp\/v2\/posts\/25877"}],"collection":[{"href":"http:\/\/archiv.szolnoktv.hu\/index.php?rest_route=\/wp\/v2\/posts"}],"about":[{"href":"http:\/\/archiv.szolnoktv.hu\/index.php?rest_route=\/wp\/v2\/types\/post"}],"author":[{"embeddable":true,"href":"http:\/\/archiv.szolnoktv.hu\/index.php?rest_route=\/wp\/v2\/users\/2"}],"replies":[{"embeddable":true,"href":"http:\/\/archiv.szolnoktv.hu\/index.php?rest_route=%2Fwp%2Fv2%2Fcomments&post=25877"}],"version-history":[{"count":1,"href":"http:\/\/archiv.szolnoktv.hu\/index.php?rest_route=\/wp\/v2\/posts\/25877\/revisions"}],"predecessor-version":[{"id":25972,"href":"http:\/\/archiv.szolnoktv.hu\/index.php?rest_route=\/wp\/v2\/posts\/25877\/revisions\/25972"}],"wp:attachment":[{"href":"http:\/\/archiv.szolnoktv.hu\/index.php?rest_route=%2Fwp%2Fv2%2Fmedia&parent=25877"}],"wp:term":[{"taxonomy":"category","embeddable":true,"href":"http:\/\/archiv.szolnoktv.hu\/index.php?rest_route=%2Fwp%2Fv2%2Fcategories&post=25877"},{"taxonomy":"post_tag","embeddable":true,"href":"http:\/\/archiv.szolnoktv.hu\/index.php?rest_route=%2Fwp%2Fv2%2Ftags&post=25877"}],"curies":[{"name":"wp","href":"https:\/\/api.w.org\/{rel}","templated":true}]}}