{"id":25876,"date":"2011-08-18T17:26:31","date_gmt":"2011-08-18T17:26:31","guid":{"rendered":"http:\/\/archiv.szolnoktv.hu\/?p=25876"},"modified":"2021-10-28T17:31:35","modified_gmt":"2021-10-28T17:31:35","slug":"frenetikus-siker-volt","status":"publish","type":"post","link":"http:\/\/archiv.szolnoktv.hu\/?p=25876","title":{"rendered":"Frenetikus siker volt"},"content":{"rendered":"<div class='booster-block booster-read-block'><\/div><p>A m\u00e1sodik ut\u00e1n a kilencvenkilencedik j\u00f3t\u00e9konys\u00e1gi koncertj\u00e9t is a Belv\u00e1rosi Nagytemplomban tartotta M\u00e1ga Zolt\u00e1n, \u00f3ri\u00e1si sikerrel. A vil\u00e1gszerte ismert \u00e9s elismert heged\u0171m\u0171v\u00e9sz, Szolnok D\u00edszpolg\u00e1ra ez\u00fattal egy l\u00e9legeztet\u0151 g\u00e9pet adom\u00e1nyozott a Het\u00e9nyi G\u00e9za Megyei K\u00f3rh\u00e1znak. A szerda esti hangversenyen a leend\u0151 Szap\u00e1ry-szobor fel\u00e1ll\u00edt\u00e1s\u00e1ra is gy\u0171jt\u00f6ttek adom\u00e1nyokat.<br \/>\n<br \/> Komoly-, cig\u00e1ny- \u00e9s popzenei dallamok egyar\u00e1nt felcsend\u00fcltek M\u00e1ga Zolt\u00e1n  hangverseny\u00e9n. A heged\u0171m\u0171v\u00e9sz 2009. augusztus 18-\u00e1n ind\u00edtotta \u00fatj\u00e1ra \u201e100 templomi koncert\u201e elnevez\u00e9s\u0171, nagyszab\u00e1s\u00fa j\u00f3t\u00e9konys\u00e1gi akci\u00f3j\u00e1t. A sorrendben 99. est, melyen fell\u00e9pett m\u00e9g P\u00e1ndy Piroska opera\u00e9nekes, Zs\u00e9denyi Adrienn &#8211; Zs\u00e9da, valamint M\u00e1ga Zolt\u00e1n k\u00e9t gyermeke, k\u00e9t, egym\u00e1st\u00f3l f\u00fcggetlen adom\u00e1nyoz\u00e1sr\u00f3l sz\u00f3lt. Szolnok D\u00edszpolg\u00e1ra egy l\u00e9legeztet\u0151 g\u00e9ppel aj\u00e1nd\u00e9kozta meg a megyei k\u00f3rh\u00e1zat. A nagyon \u00e9rt\u00e9kes, orvosi m\u0171szert Dr. Bene Ildik\u00f3 f\u0151igazgat\u00f3 f\u0151orvos vette \u00e1t \u00e9s mondott k\u00f6sz\u00f6netet. M\u00e1ga Zolt\u00e1n kezdem\u00e9nyez\u00e9se bebizony\u00edtotta azt is, hogy a zene \u00e9s a szeretet k\u00e9pes \u00f6sszefogni \u00e9s \u00f6sszefog\u00e1sra buzd\u00edtani az embereket. A karitat\u00edv tev\u00e9kenys\u00e9gben  maga a m\u0171v\u00e9sz is \u00e9lenj\u00e1r, sz\u00e1mos j\u00f3t\u00e9kony c\u00e9l\u00fa kezdem\u00e9nyez\u00e9st t\u00e1mogat. Mint hangs\u00falyozta: \u201egyermekkoromban \u00e9n fogadalmat tettem az \u00darnak, hiszen szeg\u00e9ny csal\u00e1db\u00f3l sz\u00e1rmazom, hogy ha egyszer kit\u00f6r\u00fcnk a szeg\u00e9nys\u00e9gb\u0151l, akkor mindhal\u00e1lig fogom t\u00e1mogatni, seg\u00edteni a bajba jutott embert\u00e1rsaimat. H\u00e1la Istennek, sz\u00fcleimt\u0151l megtanultam azt, hogy sokkal jobb adni, mint kapni.\u201e M\u00e1ga Zolt\u00e1n bejelentette azt is, hogy \u00faj\u00e9vi koncertj\u00e9nek bev\u00e9tel\u00e9b\u0151l f\u00e9lmilli\u00f3 forinttal t\u00e1mogatja az est m\u00e1sik kezdem\u00e9nyez\u00e9s\u00e9t, a gr\u00f3f Szap\u00e1ry Gyul\u00e1t \u00e1br\u00e1zol\u00f3 k\u00f6zt\u00e9ri szobor fel\u00e1ll\u00edt\u00e1s\u00e1t. Erre a c\u00e9lra a koncert k\u00f6z\u00f6ns\u00e9g\u00e9t\u0151l is v\u00e1rta az adom\u00e1nyokat a v\u00e1ros vezet\u00e9se, hiszen Simon Ferenc szobr\u00e1szm\u0171v\u00e9sz alkot\u00e1sa 11 milli\u00f3 forintba ker\u00fcl. A koncerten r\u00e9sztvev\u0151k \u00f6nzetlen felaj\u00e1nl\u00e1saib\u00f3l v\u00e9g\u00fcl csaknem 400 ezer forint gy\u0171lt \u00f6ssze. Az adom\u00e1nyokat a Szolnok V\u00e1ros J\u00f6v\u0151je K\u00f6zalap\u00edtv\u00e1ny sz\u00e1ml\u00e1j\u00e1n is gy\u0171jtik.<br \/>\n<div style=\"width: 640px;\" class=\"wp-video\"><!--[if lt IE 9]><script>document.createElement('video');<\/script><![endif]-->\n<video class=\"wp-video-shortcode\" id=\"video-25876-1\" width=\"640\" height=\"360\" preload=\"metadata\" controls=\"controls\"><source type=\"video\/mp4\" src=\"\/spots\/hir\/hir_110818_02.mp4?_=1\" \/><a href=\"\/spots\/hir\/hir_110818_02.mp4\">\/spots\/hir\/hir_110818_02.mp4<\/a><\/video><\/div><\/p>\n","protected":false},"excerpt":{"rendered":"<p>A m\u00e1sodik ut\u00e1n a kilencvenkilencedik j\u00f3t\u00e9konys\u00e1gi koncertj\u00e9t is a Belv\u00e1rosi Nagytemplomban tartotta M\u00e1ga Zolt\u00e1n, \u00f3ri\u00e1si sikerrel. A vil\u00e1gszerte ismert \u00e9s elismert heged\u0171m\u0171v\u00e9sz, Szolnok D\u00edszpolg\u00e1ra ez\u00fattal egy l\u00e9legeztet\u0151 g\u00e9pet adom\u00e1nyozott a Het\u00e9nyi G\u00e9za Megyei K\u00f3rh\u00e1znak. A szerda esti hangversenyen a leend\u0151 Szap\u00e1ry-szobor fel\u00e1ll\u00edt\u00e1s\u00e1ra is gy\u0171jt\u00f6ttek adom\u00e1nyokat. Komoly-, cig\u00e1ny- \u00e9s popzenei dallamok egyar\u00e1nt felcsend\u00fcltek M\u00e1ga Zolt\u00e1n hangverseny\u00e9n. [&hellip;]<\/p>\n","protected":false},"author":2,"featured_media":0,"comment_status":"open","ping_status":"open","sticky":false,"template":"","format":"standard","meta":[],"categories":[21],"tags":[],"_links":{"self":[{"href":"http:\/\/archiv.szolnoktv.hu\/index.php?rest_route=\/wp\/v2\/posts\/25876"}],"collection":[{"href":"http:\/\/archiv.szolnoktv.hu\/index.php?rest_route=\/wp\/v2\/posts"}],"about":[{"href":"http:\/\/archiv.szolnoktv.hu\/index.php?rest_route=\/wp\/v2\/types\/post"}],"author":[{"embeddable":true,"href":"http:\/\/archiv.szolnoktv.hu\/index.php?rest_route=\/wp\/v2\/users\/2"}],"replies":[{"embeddable":true,"href":"http:\/\/archiv.szolnoktv.hu\/index.php?rest_route=%2Fwp%2Fv2%2Fcomments&post=25876"}],"version-history":[{"count":1,"href":"http:\/\/archiv.szolnoktv.hu\/index.php?rest_route=\/wp\/v2\/posts\/25876\/revisions"}],"predecessor-version":[{"id":25973,"href":"http:\/\/archiv.szolnoktv.hu\/index.php?rest_route=\/wp\/v2\/posts\/25876\/revisions\/25973"}],"wp:attachment":[{"href":"http:\/\/archiv.szolnoktv.hu\/index.php?rest_route=%2Fwp%2Fv2%2Fmedia&parent=25876"}],"wp:term":[{"taxonomy":"category","embeddable":true,"href":"http:\/\/archiv.szolnoktv.hu\/index.php?rest_route=%2Fwp%2Fv2%2Fcategories&post=25876"},{"taxonomy":"post_tag","embeddable":true,"href":"http:\/\/archiv.szolnoktv.hu\/index.php?rest_route=%2Fwp%2Fv2%2Ftags&post=25876"}],"curies":[{"name":"wp","href":"https:\/\/api.w.org\/{rel}","templated":true}]}}