{"id":25874,"date":"2011-08-17T16:37:20","date_gmt":"2011-08-17T16:37:20","guid":{"rendered":"http:\/\/archiv.szolnoktv.hu\/?p=25874"},"modified":"2021-10-28T17:31:36","modified_gmt":"2021-10-28T17:31:36","slug":"bojte-atya-arvainak-gyujt-a-gyaloglo","status":"publish","type":"post","link":"http:\/\/archiv.szolnoktv.hu\/?p=25874","title":{"rendered":"B\u00f6jte atya \u00e1rv\u00e1inak gy\u0171jt a gyalogl\u00f3"},"content":{"rendered":"<div class='booster-block booster-read-block'><\/div><p>440 km-t gyalogol egy pesti felszolg\u00e1l\u00f3. A nemes lelk\u0171 f\u00e9rfi ma \u00e9rkezett Szolnokra, a D\u00e9vai \u00e1rv\u00e1knak gy\u0171jt. B\u00f6jte Csaba \u00e1rv\u00e1inak fejenk\u00e9nt naponta egyetlen eur\u00f3 is el\u00e9g. Ebben k\u00edv\u00e1n seg\u00edteni a f\u00e9rfi.<br \/>\n<br \/>D\u00e9lben \u00e9rkezett a szolnoki Tiszai -Haj\u00f3sok ter\u00e9re a budapesti felszolg\u00e1l\u00f3 Kozma Zsolt. No nem az \u00e9telkorz\u00f3ra j\u00f6tt dolgozni, nemes c\u00e9llal kelt \u00fatnak. Gyalogolva gy\u0171jt B\u00f6jte atya \u00e1rv\u00e1inak. rn15-\u00e9n indult Budapestr\u0151l \u00e9s  25-\u00e9n \u00e9rkezik D\u00e9v\u00e1ra, B\u00f6jte Csab\u00e1hoz.  Ez egy 440 km-es \u00fat, \u00e1tlag 40 kilom\u00e9tert gyalogol naponta.   Egyetlen email volt ekkora hat\u00e1ssal r\u00e1, mely az \u00e1rv\u00e1k \u00e9letk\u00f6r\u00fclm\u00e9nyeit mutatta be. Ez ind\u00edtotta arra, hogy szabads\u00e1ga alatt a maga m\u00f3dj\u00e1n seg\u00edtsen. T\u00f6r\u00f6kszentmikl\u00f3sr\u00f3l holnap indul Karcagon \u00e9s Beretty\u00f3\u00fajfalun \u00e1t Er\u00e9lybe. Addig c\u00e9gek, mag\u00e1nemberek is csatlakozhatnak az akci\u00f3hoz. B\u00f6jte Csaba egy eur\u00f3b\u00f3l egy gyerek egy napj\u00e1t meg tudja oldani. \u00cdgy a 440 kilom\u00e9teres \u00fat kilom\u00e9terenk\u00e9nt is megvehet\u0151.<br \/>\n<div style=\"width: 640px;\" class=\"wp-video\"><!--[if lt IE 9]><script>document.createElement('video');<\/script><![endif]-->\n<video class=\"wp-video-shortcode\" id=\"video-25874-1\" width=\"640\" height=\"360\" preload=\"metadata\" controls=\"controls\"><source type=\"video\/mp4\" src=\"\/spots\/hir\/hir_110817_04.mp4?_=1\" \/><a href=\"\/spots\/hir\/hir_110817_04.mp4\">\/spots\/hir\/hir_110817_04.mp4<\/a><\/video><\/div><\/p>\n","protected":false},"excerpt":{"rendered":"<p>440 km-t gyalogol egy pesti felszolg\u00e1l\u00f3. A nemes lelk\u0171 f\u00e9rfi ma \u00e9rkezett Szolnokra, a D\u00e9vai \u00e1rv\u00e1knak gy\u0171jt. B\u00f6jte Csaba \u00e1rv\u00e1inak fejenk\u00e9nt naponta egyetlen eur\u00f3 is el\u00e9g. Ebben k\u00edv\u00e1n seg\u00edteni a f\u00e9rfi. D\u00e9lben \u00e9rkezett a szolnoki Tiszai -Haj\u00f3sok ter\u00e9re a budapesti felszolg\u00e1l\u00f3 Kozma Zsolt. No nem az \u00e9telkorz\u00f3ra j\u00f6tt dolgozni, nemes c\u00e9llal kelt \u00fatnak. Gyalogolva gy\u0171jt [&hellip;]<\/p>\n","protected":false},"author":2,"featured_media":0,"comment_status":"open","ping_status":"open","sticky":false,"template":"","format":"standard","meta":[],"categories":[21],"tags":[],"_links":{"self":[{"href":"http:\/\/archiv.szolnoktv.hu\/index.php?rest_route=\/wp\/v2\/posts\/25874"}],"collection":[{"href":"http:\/\/archiv.szolnoktv.hu\/index.php?rest_route=\/wp\/v2\/posts"}],"about":[{"href":"http:\/\/archiv.szolnoktv.hu\/index.php?rest_route=\/wp\/v2\/types\/post"}],"author":[{"embeddable":true,"href":"http:\/\/archiv.szolnoktv.hu\/index.php?rest_route=\/wp\/v2\/users\/2"}],"replies":[{"embeddable":true,"href":"http:\/\/archiv.szolnoktv.hu\/index.php?rest_route=%2Fwp%2Fv2%2Fcomments&post=25874"}],"version-history":[{"count":1,"href":"http:\/\/archiv.szolnoktv.hu\/index.php?rest_route=\/wp\/v2\/posts\/25874\/revisions"}],"predecessor-version":[{"id":25975,"href":"http:\/\/archiv.szolnoktv.hu\/index.php?rest_route=\/wp\/v2\/posts\/25874\/revisions\/25975"}],"wp:attachment":[{"href":"http:\/\/archiv.szolnoktv.hu\/index.php?rest_route=%2Fwp%2Fv2%2Fmedia&parent=25874"}],"wp:term":[{"taxonomy":"category","embeddable":true,"href":"http:\/\/archiv.szolnoktv.hu\/index.php?rest_route=%2Fwp%2Fv2%2Fcategories&post=25874"},{"taxonomy":"post_tag","embeddable":true,"href":"http:\/\/archiv.szolnoktv.hu\/index.php?rest_route=%2Fwp%2Fv2%2Ftags&post=25874"}],"curies":[{"name":"wp","href":"https:\/\/api.w.org\/{rel}","templated":true}]}}