{"id":25873,"date":"2011-08-17T16:34:31","date_gmt":"2011-08-17T16:34:31","guid":{"rendered":"http:\/\/archiv.szolnoktv.hu\/?p=25873"},"modified":"2021-10-28T17:31:36","modified_gmt":"2021-10-28T17:31:36","slug":"keszulnek-a-legibemutatora","status":"publish","type":"post","link":"http:\/\/archiv.szolnoktv.hu\/?p=25873","title":{"rendered":"K\u00e9sz\u00fclnek a l\u00e9gibemutat\u00f3ra"},"content":{"rendered":"<div class='booster-block booster-read-block'><\/div><p>Helikopterek zaj\u00e1ra \u00e9bredhettek ma a k\u00e9s\u0151n kel\u0151k. A szolnoki helikopter b\u00e1zis pil\u00f3t\u00e1i reggel 9-11 k\u00f6z\u00f6tt m\u00e1r az augusztus 20-i bemutat\u00f3ra gyakoroltak. A k\u00edv\u00e1ncsiskod\u00f3k \u00f6r\u00fclhetnek: a gyakorl\u00e1s cs\u00fct\u00f6rt\u00f6k\u00f6n d\u00e9lel\u0151tt folytat\u00f3dik.<br \/>\n<br \/> Ma m\u00e1r \u00edzel\u00edt\u0151t kaphattak a Tisza-parton s\u00e9t\u00e1lgat\u00f3k az augusztus 20-i l\u00e9gibemutat\u00f3b\u00f3l. D\u00e9lel\u0151tt 9 \u00e9s 11 \u00f3ra k\u00f6z\u00f6tt ismerkedtek a g\u00e9pek \u00e9s pil\u00f3t\u00e1ik a bemutat\u00f3 helysz\u00edn\u00e9vel, ahol tavaly \u00f3ta egy h\u00edd is \u00e9p\u00fclt, \u00edgy meg kell szokni az \u00faj felt\u00e9teleket a man\u0151verekn\u00e9l. A harci \u00e9s sz\u00e1ll\u00edt\u00f3 helikopterek id\u00e9n is mindent megtesznek a  n\u00e9z\u0151k sz\u00f3rakoztat\u00e1s\u00e1\u00e9rt. Most sem marad majd el a vegyes k\u00f6tel\u00e9k \u00e1th\u00faz\u00e1sa,  c\u00e9lszalagdob\u00e1s \u00e9s ejt\u0151erny\u0151s ugr\u00e1s, valamint a v\u00edzi deszant bemutat\u00f3ja. A rem\u00e9lhet\u0151leg naps\u00fct\u00e9ses id\u0151ben pedig a pil\u00f3t\u00e1k ism\u00e9t gondoskodnak arr\u00f3l, hogy a n\u00e9z\u0151knek a szeme, \u00e9s a ruh\u00e1ja se maradjon sz\u00e1razon.<br \/>\n<div style=\"width: 640px;\" class=\"wp-video\"><!--[if lt IE 9]><script>document.createElement('video');<\/script><![endif]-->\n<video class=\"wp-video-shortcode\" id=\"video-25873-1\" width=\"640\" height=\"360\" preload=\"metadata\" controls=\"controls\"><source type=\"video\/mp4\" src=\"\/spots\/hir\/hir_110817_05.mp4?_=1\" \/><a href=\"\/spots\/hir\/hir_110817_05.mp4\">\/spots\/hir\/hir_110817_05.mp4<\/a><\/video><\/div><\/p>\n","protected":false},"excerpt":{"rendered":"<p>Helikopterek zaj\u00e1ra \u00e9bredhettek ma a k\u00e9s\u0151n kel\u0151k. A szolnoki helikopter b\u00e1zis pil\u00f3t\u00e1i reggel 9-11 k\u00f6z\u00f6tt m\u00e1r az augusztus 20-i bemutat\u00f3ra gyakoroltak. A k\u00edv\u00e1ncsiskod\u00f3k \u00f6r\u00fclhetnek: a gyakorl\u00e1s cs\u00fct\u00f6rt\u00f6k\u00f6n d\u00e9lel\u0151tt folytat\u00f3dik. Ma m\u00e1r \u00edzel\u00edt\u0151t kaphattak a Tisza-parton s\u00e9t\u00e1lgat\u00f3k az augusztus 20-i l\u00e9gibemutat\u00f3b\u00f3l. D\u00e9lel\u0151tt 9 \u00e9s 11 \u00f3ra k\u00f6z\u00f6tt ismerkedtek a g\u00e9pek \u00e9s pil\u00f3t\u00e1ik a bemutat\u00f3 helysz\u00edn\u00e9vel, ahol [&hellip;]<\/p>\n","protected":false},"author":2,"featured_media":0,"comment_status":"open","ping_status":"open","sticky":false,"template":"","format":"standard","meta":[],"categories":[21],"tags":[],"_links":{"self":[{"href":"http:\/\/archiv.szolnoktv.hu\/index.php?rest_route=\/wp\/v2\/posts\/25873"}],"collection":[{"href":"http:\/\/archiv.szolnoktv.hu\/index.php?rest_route=\/wp\/v2\/posts"}],"about":[{"href":"http:\/\/archiv.szolnoktv.hu\/index.php?rest_route=\/wp\/v2\/types\/post"}],"author":[{"embeddable":true,"href":"http:\/\/archiv.szolnoktv.hu\/index.php?rest_route=\/wp\/v2\/users\/2"}],"replies":[{"embeddable":true,"href":"http:\/\/archiv.szolnoktv.hu\/index.php?rest_route=%2Fwp%2Fv2%2Fcomments&post=25873"}],"version-history":[{"count":1,"href":"http:\/\/archiv.szolnoktv.hu\/index.php?rest_route=\/wp\/v2\/posts\/25873\/revisions"}],"predecessor-version":[{"id":25976,"href":"http:\/\/archiv.szolnoktv.hu\/index.php?rest_route=\/wp\/v2\/posts\/25873\/revisions\/25976"}],"wp:attachment":[{"href":"http:\/\/archiv.szolnoktv.hu\/index.php?rest_route=%2Fwp%2Fv2%2Fmedia&parent=25873"}],"wp:term":[{"taxonomy":"category","embeddable":true,"href":"http:\/\/archiv.szolnoktv.hu\/index.php?rest_route=%2Fwp%2Fv2%2Fcategories&post=25873"},{"taxonomy":"post_tag","embeddable":true,"href":"http:\/\/archiv.szolnoktv.hu\/index.php?rest_route=%2Fwp%2Fv2%2Ftags&post=25873"}],"curies":[{"name":"wp","href":"https:\/\/api.w.org\/{rel}","templated":true}]}}