{"id":25872,"date":"2011-08-17T16:32:49","date_gmt":"2011-08-17T16:32:49","guid":{"rendered":"http:\/\/archiv.szolnoktv.hu\/?p=25872"},"modified":"2021-10-28T17:31:36","modified_gmt":"2021-10-28T17:31:36","slug":"neokatekumen-misszio-szolnokon","status":"publish","type":"post","link":"http:\/\/archiv.szolnoktv.hu\/?p=25872","title":{"rendered":"Neokatekumen misszi\u00f3 Szolnokon"},"content":{"rendered":"<div class='booster-block booster-read-block'><\/div><p>Zen\u00e9t\u0151l volt hangos szerd\u00e1n d\u00e9lel\u0151tt a Kossuth t\u00e9r. A Neokatekumen k\u00f6z\u00f6ss\u00e9g tagjai \u00e9rkeztek n\u00e9h\u00e1ny napra v\u00e1rosunkba, hogy az embereket megsz\u00f3l\u00edts\u00e1k, \u00e9s \u00e9let\u00fckr\u0151l tan\u00fas\u00e1got tegyenek. rn<br \/>\n<br \/>   A Neokatekumen\u00e1lis \u00dat \u00e9vtizedekkel ezel\u0151tt a Madrid melletti nyomornegyedekben indult. Kezdem\u00e9nyez\u0151i Francisco Arg\u00fcello (Kiko) \u00e9s Carmen Hernandez voltak, akik a barakkok testi-lelki nyomor\u00fas\u00e1gban \u00e9l\u0151 lak\u00f3inak hirdett\u00e9k az ig\u00e9t. A kezdem\u00e9nyez\u00e9s az\u00f3ta vil\u00e1gm\u00e9ret\u0171 k\u00f6z\u00f6ss\u00e9gg\u00e9 lett. A misszi\u00f3s pasztor\u00e1ci\u00f3 megmutatja az embereknek, hogy J\u00e9zus Krisztus ma is \u00e9l az egyh\u00e1zban. Az igehirdet\u00e9s mellett a k\u00f6z\u00f6ss\u00e9gek tagjai tan\u00fas\u00e1got tesznek \u00e9let\u00fckr\u0151l is, a bizonys\u00e1gt\u00e9tel pedig saj\u00e1t hit\u00fcket is er\u0151s\u00edti. A Neokatekumen\u00e1lis \u00dat pasztor\u00e1ci\u00f3s lehet\u0151s\u00e9g azok sz\u00e1m\u00e1ra, akik m\u00e9g nincsenek megkeresztelve, akik valamilyen okb\u00f3l elt\u00e1volodtak a hit gyakorl\u00e1s\u00e1t\u00f3l, valamint azoknak, akik el akarj\u00e1k m\u00e9ly\u00edteni hit\u00fcket. A k\u00f6z\u00f6ss\u00e9g tagjai cs\u00fct\u00f6rt\u00f6k\u00f6n d\u00e9lel\u0151tt 9-12-ig a Tiszai haj\u00f3sok ter\u00e9n, d\u00e9lut\u00e1n 3-t\u00f3l 6-ig pedig a Sz\u00e9chenyi gimn\u00e1zium el\u0151tti t\u00e9ren tartanak utcai misszi\u00f3t.<br \/>\n<div style=\"width: 640px;\" class=\"wp-video\"><!--[if lt IE 9]><script>document.createElement('video');<\/script><![endif]-->\n<video class=\"wp-video-shortcode\" id=\"video-25872-1\" width=\"640\" height=\"360\" preload=\"metadata\" controls=\"controls\"><source type=\"video\/mp4\" src=\"\/spots\/hir\/hir_110817_03.mp4?_=1\" \/><a href=\"\/spots\/hir\/hir_110817_03.mp4\">\/spots\/hir\/hir_110817_03.mp4<\/a><\/video><\/div><\/p>\n","protected":false},"excerpt":{"rendered":"<p>Zen\u00e9t\u0151l volt hangos szerd\u00e1n d\u00e9lel\u0151tt a Kossuth t\u00e9r. A Neokatekumen k\u00f6z\u00f6ss\u00e9g tagjai \u00e9rkeztek n\u00e9h\u00e1ny napra v\u00e1rosunkba, hogy az embereket megsz\u00f3l\u00edts\u00e1k, \u00e9s \u00e9let\u00fckr\u0151l tan\u00fas\u00e1got tegyenek. rn A Neokatekumen\u00e1lis \u00dat \u00e9vtizedekkel ezel\u0151tt a Madrid melletti nyomornegyedekben indult. Kezdem\u00e9nyez\u0151i Francisco Arg\u00fcello (Kiko) \u00e9s Carmen Hernandez voltak, akik a barakkok testi-lelki nyomor\u00fas\u00e1gban \u00e9l\u0151 lak\u00f3inak hirdett\u00e9k az ig\u00e9t. A kezdem\u00e9nyez\u00e9s [&hellip;]<\/p>\n","protected":false},"author":2,"featured_media":0,"comment_status":"open","ping_status":"open","sticky":false,"template":"","format":"standard","meta":[],"categories":[21],"tags":[],"_links":{"self":[{"href":"http:\/\/archiv.szolnoktv.hu\/index.php?rest_route=\/wp\/v2\/posts\/25872"}],"collection":[{"href":"http:\/\/archiv.szolnoktv.hu\/index.php?rest_route=\/wp\/v2\/posts"}],"about":[{"href":"http:\/\/archiv.szolnoktv.hu\/index.php?rest_route=\/wp\/v2\/types\/post"}],"author":[{"embeddable":true,"href":"http:\/\/archiv.szolnoktv.hu\/index.php?rest_route=\/wp\/v2\/users\/2"}],"replies":[{"embeddable":true,"href":"http:\/\/archiv.szolnoktv.hu\/index.php?rest_route=%2Fwp%2Fv2%2Fcomments&post=25872"}],"version-history":[{"count":1,"href":"http:\/\/archiv.szolnoktv.hu\/index.php?rest_route=\/wp\/v2\/posts\/25872\/revisions"}],"predecessor-version":[{"id":25977,"href":"http:\/\/archiv.szolnoktv.hu\/index.php?rest_route=\/wp\/v2\/posts\/25872\/revisions\/25977"}],"wp:attachment":[{"href":"http:\/\/archiv.szolnoktv.hu\/index.php?rest_route=%2Fwp%2Fv2%2Fmedia&parent=25872"}],"wp:term":[{"taxonomy":"category","embeddable":true,"href":"http:\/\/archiv.szolnoktv.hu\/index.php?rest_route=%2Fwp%2Fv2%2Fcategories&post=25872"},{"taxonomy":"post_tag","embeddable":true,"href":"http:\/\/archiv.szolnoktv.hu\/index.php?rest_route=%2Fwp%2Fv2%2Ftags&post=25872"}],"curies":[{"name":"wp","href":"https:\/\/api.w.org\/{rel}","templated":true}]}}