{"id":25871,"date":"2011-08-17T13:57:59","date_gmt":"2011-08-17T13:57:59","guid":{"rendered":"http:\/\/archiv.szolnoktv.hu\/?p=25871"},"modified":"2021-10-28T17:31:36","modified_gmt":"2021-10-28T17:31:36","slug":"nem-csusztak-el","status":"publish","type":"post","link":"http:\/\/archiv.szolnoktv.hu\/?p=25871","title":{"rendered":"Nem cs\u00fasztak el"},"content":{"rendered":"<div class='booster-block booster-read-block'><\/div><p>Kisebb, balesetvesz\u00e9lyt nem jelent\u0151 hi\u00e1nyoss\u00e1gokt\u00f3l eltekintve, nem tal\u00e1lkoztak kir\u00edv\u00f3 esetekkel a fogyaszt\u00f3v\u00e9delmi fel\u00fcgyel\u0151k a megye strandjain felszererelt v\u00edzics\u00fa szd\u00e1k ellen\u0151rz\u00e9se sor\u00e1n. Az akci\u00f3 a h\u00f3nap v\u00e9g\u00e9ig folytat\u00f3dik, ma a tiszaligeti strand cs\u00faszd\u00e1it vizsg\u00e1lt\u00e1k.<br \/>\n<br \/> Nem v\u00e9letlen\u00fcl ellen\u0151rzik a fogyaszt\u00f3v\u00e9d\u0151k a strandok, f\u00fcrd\u0151k mutatv\u00e1nyos berendez\u00e9seit. A v\u00edzics\u00faszd\u00e1k ugyanis vesz\u00e9lyes \u00fczemnek sz\u00e1m\u00edtanak. A vizusg\u00e1lat t\u00f6bb mindenre kiterjed. Ellen\u0151rzik hogy a cs\u00faszd\u00e1k  megfelelnek-e a biztons\u00e1gi, m\u0171szaki el\u0151\u00edr\u00e1soknak, hogy a kezel\u0151 szem\u00e9lyzet megkapta-e az el\u0151\u00edrt oktat\u00e1st, rendelkeznek-e vizsg\u00e1val. \u00c1tn\u00e9zik az \u00fczemeltet\u00e9si napl\u00f3t, amelyben megfelel\u0151en dokument\u00e1lni kell a karbantart\u00e1sokat, jav\u00edt\u00e1sokat, valamint megvizsg\u00e1lj\u00e1k a t\u00e1j\u00e9koztat\u00f3 t\u00e1bl\u00e1kat, hogy azokon minden sz\u00fcks\u00e9ges inform\u00e1ci\u00f3t felt\u00fcntettek-e. A Tiszaligetben mindent rendben tal\u00e1ltak, ami Szuda Nagy Attila f\u00fcrd\u0151vezet\u0151 szerint megnyugtat\u00f3, ha ellen\u0151riznek, mert az esetleges kisebb hib\u00e1kat \u00edgy is ki tudj\u00e1k sz\u0171rni.Nem csak Szolnokon, a megye m\u00e1s strandjain is eddig kedvez\u0151ek a tapasztalatok. Dr. Sz\u0171cs R\u00e9ka, a JNSZ Megyei Korm\u00e1nyhivatal Fogyaszt\u00f3v\u00e9delmi Fel\u00fcgyel\u0151s\u00e9g  mb. igazgat\u00f3helyettese elmondta: \u201ejavul\u00f3 tendenci\u00e1t mutatnak az ellen\u0151rz\u00e9sek, az \u00fczemeltet\u0151k tiszt\u00e1ban vannak a jogszab\u00e1lyi el\u0151\u00edr\u00e1sokkal, amik esetlegesen ad\u00f3dnak \u00e9s hi\u00e1nyoss\u00e1gok, azok is ink\u00e1bb minim\u00e1lis, biztons\u00e1goss\u00e1got nem vesz\u00e9lyeztet\u0151 jogs\u00e9rt\u00e9sekb\u0151l fakadnak.\u201e A v\u00edzics\u00faszd\u00e1k ellen\u0151rz\u00e9s\u00e9t m\u00e9g nem fejezt\u00e9k be, az akci\u00f3 a h\u00f3nap v\u00e9g\u00e9ig tart.<br \/>\n<div style=\"width: 640px;\" class=\"wp-video\"><!--[if lt IE 9]><script>document.createElement('video');<\/script><![endif]-->\n<video class=\"wp-video-shortcode\" id=\"video-25871-1\" width=\"640\" height=\"360\" preload=\"metadata\" controls=\"controls\"><source type=\"video\/mp4\" src=\"\/spots\/hir\/hir_110817_02.mp4?_=1\" \/><a href=\"\/spots\/hir\/hir_110817_02.mp4\">\/spots\/hir\/hir_110817_02.mp4<\/a><\/video><\/div><\/p>\n","protected":false},"excerpt":{"rendered":"<p>Kisebb, balesetvesz\u00e9lyt nem jelent\u0151 hi\u00e1nyoss\u00e1gokt\u00f3l eltekintve, nem tal\u00e1lkoztak kir\u00edv\u00f3 esetekkel a fogyaszt\u00f3v\u00e9delmi fel\u00fcgyel\u0151k a megye strandjain felszererelt v\u00edzics\u00fa szd\u00e1k ellen\u0151rz\u00e9se sor\u00e1n. Az akci\u00f3 a h\u00f3nap v\u00e9g\u00e9ig folytat\u00f3dik, ma a tiszaligeti strand cs\u00faszd\u00e1it vizsg\u00e1lt\u00e1k. Nem v\u00e9letlen\u00fcl ellen\u0151rzik a fogyaszt\u00f3v\u00e9d\u0151k a strandok, f\u00fcrd\u0151k mutatv\u00e1nyos berendez\u00e9seit. A v\u00edzics\u00faszd\u00e1k ugyanis vesz\u00e9lyes \u00fczemnek sz\u00e1m\u00edtanak. A vizusg\u00e1lat t\u00f6bb mindenre kiterjed. Ellen\u0151rzik [&hellip;]<\/p>\n","protected":false},"author":2,"featured_media":0,"comment_status":"open","ping_status":"open","sticky":false,"template":"","format":"standard","meta":[],"categories":[21],"tags":[],"_links":{"self":[{"href":"http:\/\/archiv.szolnoktv.hu\/index.php?rest_route=\/wp\/v2\/posts\/25871"}],"collection":[{"href":"http:\/\/archiv.szolnoktv.hu\/index.php?rest_route=\/wp\/v2\/posts"}],"about":[{"href":"http:\/\/archiv.szolnoktv.hu\/index.php?rest_route=\/wp\/v2\/types\/post"}],"author":[{"embeddable":true,"href":"http:\/\/archiv.szolnoktv.hu\/index.php?rest_route=\/wp\/v2\/users\/2"}],"replies":[{"embeddable":true,"href":"http:\/\/archiv.szolnoktv.hu\/index.php?rest_route=%2Fwp%2Fv2%2Fcomments&post=25871"}],"version-history":[{"count":1,"href":"http:\/\/archiv.szolnoktv.hu\/index.php?rest_route=\/wp\/v2\/posts\/25871\/revisions"}],"predecessor-version":[{"id":25978,"href":"http:\/\/archiv.szolnoktv.hu\/index.php?rest_route=\/wp\/v2\/posts\/25871\/revisions\/25978"}],"wp:attachment":[{"href":"http:\/\/archiv.szolnoktv.hu\/index.php?rest_route=%2Fwp%2Fv2%2Fmedia&parent=25871"}],"wp:term":[{"taxonomy":"category","embeddable":true,"href":"http:\/\/archiv.szolnoktv.hu\/index.php?rest_route=%2Fwp%2Fv2%2Fcategories&post=25871"},{"taxonomy":"post_tag","embeddable":true,"href":"http:\/\/archiv.szolnoktv.hu\/index.php?rest_route=%2Fwp%2Fv2%2Ftags&post=25871"}],"curies":[{"name":"wp","href":"https:\/\/api.w.org\/{rel}","templated":true}]}}