{"id":25870,"date":"2011-08-17T13:37:54","date_gmt":"2011-08-17T13:37:54","guid":{"rendered":"http:\/\/archiv.szolnoktv.hu\/?p=25870"},"modified":"2021-10-28T17:31:36","modified_gmt":"2021-10-28T17:31:36","slug":"mar-uton-van-az-alfoldi-liszt-sepsiszentgyorgy-fele","status":"publish","type":"post","link":"http:\/\/archiv.szolnoktv.hu\/?p=25870","title":{"rendered":"M\u00e1r \u00faton van az alf\u00f6ldi liszt Sepsiszentgy\u00f6rgy fel\u00e9"},"content":{"rendered":"<div class='booster-block booster-read-block'><\/div><p>H\u00e1romsz\u00e9k sz\u00e9kv\u00e1ros\u00e1ban s\u00fctik &#8211; a Szolnok Telev\u00edzi\u00f3 \u00edg\u00e9ret\u00e9hez h\u0171en &#8211; a Nemzet kenyer\u00e9t. Az \u00f3ri\u00e1skeny\u00e9r a h\u00edres Di\u00f3szegi p\u00e9ks\u00e9gben k\u00e9sz\u00fcl, melyet b\u00e1rki megk\u00f3stolhat, aki augusztus 20-\u00e1n ell\u00e1togat a Szolnok Telev\u00edzi\u00f3 s\u00e1tr\u00e1hoz. A kezdem\u00e9nyez\u00e9s c\u00e9lja els\u0151sorban a nemzeti egys\u00e9g er\u0151s\u00edt\u00e9se.<br \/>\n<br \/> Hamis\u00edtatlan magyar b\u00faz\u00e1b\u00f3l \u0151r\u00f6lt\u00e9k a lisztet finomra a j\u00e1szber\u00e9nyi Szatm\u00e1ri Malomban. A liszteszs\u00e1k is kifejezetten erre a c\u00e9lra k\u00e9sz\u00fclt. Ez a liszt lesz a Nemzet kenyer\u00e9nek egyik alapanyaga. A Szolnok Telev\u00edzi\u00f3, ahogy \u00edg\u00e9rte a sepsiszentgy\u00f6rgyi Di\u00f3szegi P\u00e9ks\u00e9ggel egy\u00fcttm\u0171k\u00f6dve megs\u00fcti a szenz\u00e1ci\u00f3s m\u00e9ret\u0171, t\u00f6bb mint 50 kil\u00f3s rekordkenyeret. Ha minden siker\u00fcl, a keny\u00e9r elnyerheti a \u201ca vil\u00e1g legnagyobb sz\u00e9kely h\u00e1zikenyere\u201e c\u00edmet is.  A keny\u00e9r a magyars\u00e1g \u00f6sszetartoz\u00e1s\u00e1nak, a nemzet egys\u00e9g\u00e9nek jelk\u00e9pe lesz \u00e9s k\u00e9t p\u00e9ld\u00e1nyban k\u00e9sz\u00fcl. Szolnokon \u00e9s Sepsiszentgy\u00f6rgy\u00f6n is azonos id\u0151pontban megszentelik a kenyeret, a v\u00e1ros vezet\u0151i pedig megszegik.A Szolnok Telev\u00edzi\u00f3 st\u00e1bja m\u00e1r el is indult H\u00e1romsz\u00e9k sz\u00e9kv\u00e1ros\u00e1ba, ahol p\u00e9nteken Di\u00f3szegi L\u00e1szl\u00f3 p\u00e9kmester meg is s\u00fcti a pity\u00f3k\u00e1s &#8211; vagyis krumpli felhaszn\u00e1l\u00e1s\u00e1val k\u00e9sz\u00fclt &#8211; kenyeret, mely szombat reggel \u00e9rkezik Szolnokra. A kenyeret b\u00e1rki megk\u00f3stolhatja majd, a Szolnok Tv s\u00e1tr\u00e1n\u00e1l -a Szigligeti szoborn\u00e1l- ugyanis mindenki eml\u00e9kszalv\u00e9t\u00e1n kap egy szeletet a Nemzet kenyer\u00e9b\u0151l.<br \/>\n<div style=\"width: 640px;\" class=\"wp-video\"><!--[if lt IE 9]><script>document.createElement('video');<\/script><![endif]-->\n<video class=\"wp-video-shortcode\" id=\"video-25870-1\" width=\"640\" height=\"360\" preload=\"metadata\" controls=\"controls\"><source type=\"video\/mp4\" src=\"\/spots\/hir\/hir_110817_01.mp4?_=1\" \/><a href=\"\/spots\/hir\/hir_110817_01.mp4\">\/spots\/hir\/hir_110817_01.mp4<\/a><\/video><\/div><\/p>\n","protected":false},"excerpt":{"rendered":"<p>H\u00e1romsz\u00e9k sz\u00e9kv\u00e1ros\u00e1ban s\u00fctik &#8211; a Szolnok Telev\u00edzi\u00f3 \u00edg\u00e9ret\u00e9hez h\u0171en &#8211; a Nemzet kenyer\u00e9t. Az \u00f3ri\u00e1skeny\u00e9r a h\u00edres Di\u00f3szegi p\u00e9ks\u00e9gben k\u00e9sz\u00fcl, melyet b\u00e1rki megk\u00f3stolhat, aki augusztus 20-\u00e1n ell\u00e1togat a Szolnok Telev\u00edzi\u00f3 s\u00e1tr\u00e1hoz. A kezdem\u00e9nyez\u00e9s c\u00e9lja els\u0151sorban a nemzeti egys\u00e9g er\u0151s\u00edt\u00e9se. Hamis\u00edtatlan magyar b\u00faz\u00e1b\u00f3l \u0151r\u00f6lt\u00e9k a lisztet finomra a j\u00e1szber\u00e9nyi Szatm\u00e1ri Malomban. A liszteszs\u00e1k is kifejezetten erre [&hellip;]<\/p>\n","protected":false},"author":2,"featured_media":0,"comment_status":"open","ping_status":"open","sticky":false,"template":"","format":"standard","meta":[],"categories":[21],"tags":[],"_links":{"self":[{"href":"http:\/\/archiv.szolnoktv.hu\/index.php?rest_route=\/wp\/v2\/posts\/25870"}],"collection":[{"href":"http:\/\/archiv.szolnoktv.hu\/index.php?rest_route=\/wp\/v2\/posts"}],"about":[{"href":"http:\/\/archiv.szolnoktv.hu\/index.php?rest_route=\/wp\/v2\/types\/post"}],"author":[{"embeddable":true,"href":"http:\/\/archiv.szolnoktv.hu\/index.php?rest_route=\/wp\/v2\/users\/2"}],"replies":[{"embeddable":true,"href":"http:\/\/archiv.szolnoktv.hu\/index.php?rest_route=%2Fwp%2Fv2%2Fcomments&post=25870"}],"version-history":[{"count":1,"href":"http:\/\/archiv.szolnoktv.hu\/index.php?rest_route=\/wp\/v2\/posts\/25870\/revisions"}],"predecessor-version":[{"id":25979,"href":"http:\/\/archiv.szolnoktv.hu\/index.php?rest_route=\/wp\/v2\/posts\/25870\/revisions\/25979"}],"wp:attachment":[{"href":"http:\/\/archiv.szolnoktv.hu\/index.php?rest_route=%2Fwp%2Fv2%2Fmedia&parent=25870"}],"wp:term":[{"taxonomy":"category","embeddable":true,"href":"http:\/\/archiv.szolnoktv.hu\/index.php?rest_route=%2Fwp%2Fv2%2Fcategories&post=25870"},{"taxonomy":"post_tag","embeddable":true,"href":"http:\/\/archiv.szolnoktv.hu\/index.php?rest_route=%2Fwp%2Fv2%2Ftags&post=25870"}],"curies":[{"name":"wp","href":"https:\/\/api.w.org\/{rel}","templated":true}]}}