{"id":25869,"date":"2011-08-16T16:18:10","date_gmt":"2011-08-16T16:18:10","guid":{"rendered":"http:\/\/archiv.szolnoktv.hu\/?p=25869"},"modified":"2021-10-28T17:31:36","modified_gmt":"2021-10-28T17:31:36","slug":"haromszaz-katona-indul-misszioba","status":"publish","type":"post","link":"http:\/\/archiv.szolnoktv.hu\/?p=25869","title":{"rendered":"H\u00e1romsz\u00e1z katona indul misszi\u00f3ba"},"content":{"rendered":"<div class='booster-block booster-read-block'><\/div><p>K\u00f6zel h\u00e1romsz\u00e1z katon\u00e1t b\u00facs\u00faztattak d\u00e9lel\u0151tt a szolnoki helikopter b\u00e1zison. A Mi-35-\u00f6s L\u00e9gi Tan\u00e1csad\u00f3 Csoport \u00e9s a Tartom\u00e1nyi \u00dajj\u00e1\u00e9p\u00edt\u00e9si Csoport mellett egy \u00faj misszi\u00f3, a Mi-17-es L\u00e9gi Tan\u00e1csad\u00f3 Csoport katon\u00e1i kelnek augusztus v\u00e9g\u00e9n \u00fatra.<br \/>\n<br \/> A csapatz\u00e1szl\u00f3 \u00e9rkez\u00e9s\u00e9vel kezd\u0151d\u00f6tt d\u00e9lel\u0151tt a csoportok kibocs\u00e1t\u00f3 \u00fcnneps\u00e9ge. A parancs \u00e9rtelm\u00e9ben augusztus v\u00e9g\u00e9n h\u00e1rom misszi\u00f3 indul \u00fatnak. A Tartom\u00e1nyi \u00dajj\u00e1\u00e9p\u00edt\u00e9si Csoport 11. v\u00e1lt\u00e1s\u00e1ban k\u00f6zel 240 katona szolg\u00e1l.  Feladatuk az lesz, hogy szavatolj\u00e1k a civil-katonai egy\u00fcttm\u0171k\u00f6d\u00e9s ter\u00fclet\u00e9n a biztons\u00e1gos m\u0171k\u00f6d\u00e9si k\u00f6rnyezetet. Hende Csaba honv\u00e9delmi miniszter az \u00fcnneps\u00e9gen elmondta: sz\u00e1mtalan iskol\u00e1t, orvosi rendel\u0151t, utat, \u00e1rt\u00e9zi kutat \u00e9s m\u00e1s, a civil lakoss\u00e1g \u00e9let\u00e9hez elengedhetetlen\u00fcl sz\u00fcks\u00e9ges, \u00e9s az afganiszt\u00e1ni \u00fajj\u00e1\u00e9p\u00edt\u00e9shez rendk\u00edv\u00fcli fontoss\u00e1g\u00fa munk\u00e1t v\u00e9geztek el eddig a katon\u00e1k, \u00e9s ezt a tev\u00e9kenys\u00e9get folytatj\u00e1k tov\u00e1bbra is. A Mi-35-\u00f6s L\u00e9gi Tan\u00e1csad\u00f3 Csoport az Afg\u00e1n L\u00e9gier\u0151 harci helikopter haj\u00f3z\u00f3 \u00e1llom\u00e1ny\u00e1nak kik\u00e9pz\u00e9s\u00e9ben vesz r\u00e9szt, imm\u00e1r az \u00f6t\u00f6dik v\u00e1lt\u00e1sban. Szint\u00e9n augusztus v\u00e9g\u00e9n indul \u00fatnak a Magyar Honv\u00e9ds\u00e9g leg\u00fajabb misszi\u00f3ja, a Mi-17-es L\u00e9gi Tan\u00e1csad\u00f3 Csoport, melynek tagjai az Afg\u00e1n L\u00e9gier\u0151 pil\u00f3t\u00e1it k\u00e9pezik ki sz\u00e1ll\u00edt\u00f3 helikopterekre. Pelcz\u00e9der Gyula alezredes elmondta: egy rep\u00fcl\u0151s kik\u00e9pz\u0151 iskola alapjait kell lerakniuk, amely rem\u00e9lhet\u0151leg egy-k\u00e9t \u00e9v ut\u00e1n \u00f6n\u00e1ll\u00f3an fogja v\u00e9grehatjani az afg\u00e1n pil\u00f3t\u00e1k kik\u00e9pz\u00e9s\u00e9t. A kiutaz\u00f3 \u00e1llom\u00e1nyt K\u00e1linger Roland sz\u00e1zados, t\u00e1bori lelk\u00e9sz \u00e1ldotta meg. A L\u00e9gi Tan\u00e1csad\u00f3 Csoportok tagjai n\u00e9gy h\u00f3napig lesznek t\u00e1vol, a Tartom\u00e1nyi \u00dajj\u00e1\u00e9p\u00edt\u00e9si Csoport v\u00e1lt\u00e1sa pedig 2012 febru\u00e1rj\u00e1ban-m\u00e1rcius\u00e1ban lesz.<br \/>\n<div style=\"width: 640px;\" class=\"wp-video\"><!--[if lt IE 9]><script>document.createElement('video');<\/script><![endif]-->\n<video class=\"wp-video-shortcode\" id=\"video-25869-1\" width=\"640\" height=\"360\" preload=\"metadata\" controls=\"controls\"><source type=\"video\/mp4\" src=\"\/spots\/hir\/hir_110816_04.mp4?_=1\" \/><a href=\"\/spots\/hir\/hir_110816_04.mp4\">\/spots\/hir\/hir_110816_04.mp4<\/a><\/video><\/div><\/p>\n","protected":false},"excerpt":{"rendered":"<p>K\u00f6zel h\u00e1romsz\u00e1z katon\u00e1t b\u00facs\u00faztattak d\u00e9lel\u0151tt a szolnoki helikopter b\u00e1zison. A Mi-35-\u00f6s L\u00e9gi Tan\u00e1csad\u00f3 Csoport \u00e9s a Tartom\u00e1nyi \u00dajj\u00e1\u00e9p\u00edt\u00e9si Csoport mellett egy \u00faj misszi\u00f3, a Mi-17-es L\u00e9gi Tan\u00e1csad\u00f3 Csoport katon\u00e1i kelnek augusztus v\u00e9g\u00e9n \u00fatra. A csapatz\u00e1szl\u00f3 \u00e9rkez\u00e9s\u00e9vel kezd\u0151d\u00f6tt d\u00e9lel\u0151tt a csoportok kibocs\u00e1t\u00f3 \u00fcnneps\u00e9ge. A parancs \u00e9rtelm\u00e9ben augusztus v\u00e9g\u00e9n h\u00e1rom misszi\u00f3 indul \u00fatnak. A Tartom\u00e1nyi \u00dajj\u00e1\u00e9p\u00edt\u00e9si Csoport [&hellip;]<\/p>\n","protected":false},"author":2,"featured_media":0,"comment_status":"open","ping_status":"open","sticky":false,"template":"","format":"standard","meta":[],"categories":[21],"tags":[],"_links":{"self":[{"href":"http:\/\/archiv.szolnoktv.hu\/index.php?rest_route=\/wp\/v2\/posts\/25869"}],"collection":[{"href":"http:\/\/archiv.szolnoktv.hu\/index.php?rest_route=\/wp\/v2\/posts"}],"about":[{"href":"http:\/\/archiv.szolnoktv.hu\/index.php?rest_route=\/wp\/v2\/types\/post"}],"author":[{"embeddable":true,"href":"http:\/\/archiv.szolnoktv.hu\/index.php?rest_route=\/wp\/v2\/users\/2"}],"replies":[{"embeddable":true,"href":"http:\/\/archiv.szolnoktv.hu\/index.php?rest_route=%2Fwp%2Fv2%2Fcomments&post=25869"}],"version-history":[{"count":1,"href":"http:\/\/archiv.szolnoktv.hu\/index.php?rest_route=\/wp\/v2\/posts\/25869\/revisions"}],"predecessor-version":[{"id":25980,"href":"http:\/\/archiv.szolnoktv.hu\/index.php?rest_route=\/wp\/v2\/posts\/25869\/revisions\/25980"}],"wp:attachment":[{"href":"http:\/\/archiv.szolnoktv.hu\/index.php?rest_route=%2Fwp%2Fv2%2Fmedia&parent=25869"}],"wp:term":[{"taxonomy":"category","embeddable":true,"href":"http:\/\/archiv.szolnoktv.hu\/index.php?rest_route=%2Fwp%2Fv2%2Fcategories&post=25869"},{"taxonomy":"post_tag","embeddable":true,"href":"http:\/\/archiv.szolnoktv.hu\/index.php?rest_route=%2Fwp%2Fv2%2Ftags&post=25869"}],"curies":[{"name":"wp","href":"https:\/\/api.w.org\/{rel}","templated":true}]}}