{"id":25868,"date":"2011-08-16T14:35:49","date_gmt":"2011-08-16T14:35:49","guid":{"rendered":"http:\/\/archiv.szolnoktv.hu\/?p=25868"},"modified":"2021-10-28T17:31:36","modified_gmt":"2021-10-28T17:31:36","slug":"uj-gepek-a-koraszulott-intenziv-reszlegre","status":"publish","type":"post","link":"http:\/\/archiv.szolnoktv.hu\/?p=25868","title":{"rendered":"\u00daj g\u00e9pek a korasz\u00fcl\u00f6tt intenz\u00edv r\u00e9szlegre"},"content":{"rendered":"<div class='booster-block booster-read-block'><\/div><p>133 milli\u00f3 forintb\u00f3l \u00fajul meg a megyei k\u00f3rh\u00e1z gyermek-intenz\u00edv r\u00e9szlege. A sikeres p\u00e1ly\u00e1zatnak k\u00f6sz\u00f6nhet\u0151en 6 inkub\u00e1tort, 6 l\u00e9legeztet\u0151 g\u00e9pet \u00e9s 10 monitort v\u00e1s\u00e1rol az int\u00e9zm\u00e9ny. Ezzel hivatalosan is h\u00e1rmas szint\u0171 centrum val\u00f3sul meg megy\u00e9nkben<br \/>\n<br \/> \u00c9vente 50 korasz\u00fcl\u00f6tt szorul l\u00e9gz\u00e9sseg\u00edt\u00e9sre, inkub\u00e1torra. a jelenlegi eszk\u00f6zparkot hamarosan \u00fajabbak eg\u00e9sz\u00edtik ki, a k\u00f3rh\u00e1z ugyanis 120 milli\u00f3 forintot nyert fejleszt\u00e9sre. Ehhez hozz\u00e1ad\u00f3dik a megyei \u00f6nkorm\u00e1nyzat 13 milli\u00f3 forintos \u00f6nr\u00e9sze, \u00edgy 133 milli\u00f3 forintb\u00f3l fejl\u0151dik a gyermek-intenz\u00edv r\u00e9szleg.A p\u00e1ly\u00e1zat szeptember 1 -\u00e9n kezd\u0151dik, egy \u00e9ven \u00e1t tart. Az els\u0151 g\u00e9pek j\u00f6v\u0151 \u00e9v els\u0151 fel\u00e9re  v\u00e1rhat\u00f3k. K\u00f6zt\u00fck lesz az a speci\u00e1lis l\u00e9legeztet\u0151 g\u00e9p, mely sz\u00fcks\u00e9ges ahhoz, hogy az eddigi ideiglenes \u00c1NTSZ enged\u00e9ly helyett v\u00e9glegesen PIC III-as centrumnak min\u0151s\u00fclj\u00f6n a megyei k\u00f3rh\u00e1z r\u00e9szlege.<br \/>\n<div style=\"width: 640px;\" class=\"wp-video\"><!--[if lt IE 9]><script>document.createElement('video');<\/script><![endif]-->\n<video class=\"wp-video-shortcode\" id=\"video-25868-1\" width=\"640\" height=\"360\" preload=\"metadata\" controls=\"controls\"><source type=\"video\/mp4\" src=\"\/spots\/hir\/hir_110816_02.mp4?_=1\" \/><a href=\"\/spots\/hir\/hir_110816_02.mp4\">\/spots\/hir\/hir_110816_02.mp4<\/a><\/video><\/div><\/p>\n","protected":false},"excerpt":{"rendered":"<p>133 milli\u00f3 forintb\u00f3l \u00fajul meg a megyei k\u00f3rh\u00e1z gyermek-intenz\u00edv r\u00e9szlege. A sikeres p\u00e1ly\u00e1zatnak k\u00f6sz\u00f6nhet\u0151en 6 inkub\u00e1tort, 6 l\u00e9legeztet\u0151 g\u00e9pet \u00e9s 10 monitort v\u00e1s\u00e1rol az int\u00e9zm\u00e9ny. Ezzel hivatalosan is h\u00e1rmas szint\u0171 centrum val\u00f3sul meg megy\u00e9nkben \u00c9vente 50 korasz\u00fcl\u00f6tt szorul l\u00e9gz\u00e9sseg\u00edt\u00e9sre, inkub\u00e1torra. a jelenlegi eszk\u00f6zparkot hamarosan \u00fajabbak eg\u00e9sz\u00edtik ki, a k\u00f3rh\u00e1z ugyanis 120 milli\u00f3 forintot nyert fejleszt\u00e9sre. [&hellip;]<\/p>\n","protected":false},"author":2,"featured_media":0,"comment_status":"open","ping_status":"open","sticky":false,"template":"","format":"standard","meta":[],"categories":[21],"tags":[],"_links":{"self":[{"href":"http:\/\/archiv.szolnoktv.hu\/index.php?rest_route=\/wp\/v2\/posts\/25868"}],"collection":[{"href":"http:\/\/archiv.szolnoktv.hu\/index.php?rest_route=\/wp\/v2\/posts"}],"about":[{"href":"http:\/\/archiv.szolnoktv.hu\/index.php?rest_route=\/wp\/v2\/types\/post"}],"author":[{"embeddable":true,"href":"http:\/\/archiv.szolnoktv.hu\/index.php?rest_route=\/wp\/v2\/users\/2"}],"replies":[{"embeddable":true,"href":"http:\/\/archiv.szolnoktv.hu\/index.php?rest_route=%2Fwp%2Fv2%2Fcomments&post=25868"}],"version-history":[{"count":1,"href":"http:\/\/archiv.szolnoktv.hu\/index.php?rest_route=\/wp\/v2\/posts\/25868\/revisions"}],"predecessor-version":[{"id":25981,"href":"http:\/\/archiv.szolnoktv.hu\/index.php?rest_route=\/wp\/v2\/posts\/25868\/revisions\/25981"}],"wp:attachment":[{"href":"http:\/\/archiv.szolnoktv.hu\/index.php?rest_route=%2Fwp%2Fv2%2Fmedia&parent=25868"}],"wp:term":[{"taxonomy":"category","embeddable":true,"href":"http:\/\/archiv.szolnoktv.hu\/index.php?rest_route=%2Fwp%2Fv2%2Fcategories&post=25868"},{"taxonomy":"post_tag","embeddable":true,"href":"http:\/\/archiv.szolnoktv.hu\/index.php?rest_route=%2Fwp%2Fv2%2Ftags&post=25868"}],"curies":[{"name":"wp","href":"https:\/\/api.w.org\/{rel}","templated":true}]}}