{"id":25867,"date":"2011-08-16T14:33:53","date_gmt":"2011-08-16T14:33:53","guid":{"rendered":"http:\/\/archiv.szolnoktv.hu\/?p=25867"},"modified":"2021-10-28T17:31:36","modified_gmt":"2021-10-28T17:31:36","slug":"bunmegelozesi-tabor-a-csonakhazban","status":"publish","type":"post","link":"http:\/\/archiv.szolnoktv.hu\/?p=25867","title":{"rendered":"B\u0171nmegel\u0151z\u00e9si t\u00e1bor a Cs\u00f3nakh\u00e1zban"},"content":{"rendered":"<div class='booster-block booster-read-block'><\/div><p>Harmadik alkalommal szervezett B\u0171nmegel\u0151z\u00e9si  \u00e9s \u00c9letm\u00f3d t\u00e1bort a megyei rend\u0151r-f\u0151kapit\u00e1nys\u00e1g. Az egyhetes program so\u00e1n a gyerekek megismerkedhetnek az eg\u00e9szs\u00e9ges \u00e9s k\u00f6rnyezettudatos \u00e9letm\u00f3ddal \u00e9s a rend\u0151rs\u00e9g munk\u00e1j\u00e1val.<br \/>\n<br \/> Az egyhetes t\u00e1borban fontos szerepet kap a b\u0171nmegel\u0151z\u00e9s. Ker\u00e9kp\u00e1ros k\u00f6zleked\u00e9si vet\u00e9lked\u0151t, alkohol, cigaretta \u00e9s drogprevenci\u00f3s foglalkoz\u00e1sokat szerveznek a gyerekeknek. Emellett persze a sportol\u00e1sra is jut idej\u00fck b\u0151ven, nem is ak\u00e1rmilyen k\u00f6rnyezetben, k\u00f6zvetlen\u00fcl a Tisza mellett, a megyei rend\u0151r-f\u0151kapit\u00e1nys\u00e1g Cs\u00f3nakh\u00e1z\u00e1ban. A kicsik nagyon j\u00f3l \u00e9rzik  magukat a t\u00e1borban. A t\u00e1bor p\u00e9ntekig tart, addig azonban sz\u00e1mos izgalmas program v\u00e1rja a gyerekeket. Szerd\u00e1n egyebek mellett kuty\u00e1s bemutat\u00f3, haj\u00f3z\u00e1s, cs\u00fct\u00f6rt\u00f6k\u00f6n cs\u00f3nak\u00e1z\u00e1s, az utols\u00f3 napon, p\u00e9nteken pedig Retro party.<br \/>\n<div style=\"width: 640px;\" class=\"wp-video\"><!--[if lt IE 9]><script>document.createElement('video');<\/script><![endif]-->\n<video class=\"wp-video-shortcode\" id=\"video-25867-1\" width=\"640\" height=\"360\" preload=\"metadata\" controls=\"controls\"><source type=\"video\/mp4\" src=\"\/spots\/hir\/hir_110816_03.mp4?_=1\" \/><a href=\"\/spots\/hir\/hir_110816_03.mp4\">\/spots\/hir\/hir_110816_03.mp4<\/a><\/video><\/div><\/p>\n","protected":false},"excerpt":{"rendered":"<p>Harmadik alkalommal szervezett B\u0171nmegel\u0151z\u00e9si \u00e9s \u00c9letm\u00f3d t\u00e1bort a megyei rend\u0151r-f\u0151kapit\u00e1nys\u00e1g. Az egyhetes program so\u00e1n a gyerekek megismerkedhetnek az eg\u00e9szs\u00e9ges \u00e9s k\u00f6rnyezettudatos \u00e9letm\u00f3ddal \u00e9s a rend\u0151rs\u00e9g munk\u00e1j\u00e1val. Az egyhetes t\u00e1borban fontos szerepet kap a b\u0171nmegel\u0151z\u00e9s. Ker\u00e9kp\u00e1ros k\u00f6zleked\u00e9si vet\u00e9lked\u0151t, alkohol, cigaretta \u00e9s drogprevenci\u00f3s foglalkoz\u00e1sokat szerveznek a gyerekeknek. Emellett persze a sportol\u00e1sra is jut idej\u00fck b\u0151ven, nem is [&hellip;]<\/p>\n","protected":false},"author":2,"featured_media":0,"comment_status":"open","ping_status":"open","sticky":false,"template":"","format":"standard","meta":[],"categories":[21],"tags":[],"_links":{"self":[{"href":"http:\/\/archiv.szolnoktv.hu\/index.php?rest_route=\/wp\/v2\/posts\/25867"}],"collection":[{"href":"http:\/\/archiv.szolnoktv.hu\/index.php?rest_route=\/wp\/v2\/posts"}],"about":[{"href":"http:\/\/archiv.szolnoktv.hu\/index.php?rest_route=\/wp\/v2\/types\/post"}],"author":[{"embeddable":true,"href":"http:\/\/archiv.szolnoktv.hu\/index.php?rest_route=\/wp\/v2\/users\/2"}],"replies":[{"embeddable":true,"href":"http:\/\/archiv.szolnoktv.hu\/index.php?rest_route=%2Fwp%2Fv2%2Fcomments&post=25867"}],"version-history":[{"count":1,"href":"http:\/\/archiv.szolnoktv.hu\/index.php?rest_route=\/wp\/v2\/posts\/25867\/revisions"}],"predecessor-version":[{"id":25982,"href":"http:\/\/archiv.szolnoktv.hu\/index.php?rest_route=\/wp\/v2\/posts\/25867\/revisions\/25982"}],"wp:attachment":[{"href":"http:\/\/archiv.szolnoktv.hu\/index.php?rest_route=%2Fwp%2Fv2%2Fmedia&parent=25867"}],"wp:term":[{"taxonomy":"category","embeddable":true,"href":"http:\/\/archiv.szolnoktv.hu\/index.php?rest_route=%2Fwp%2Fv2%2Fcategories&post=25867"},{"taxonomy":"post_tag","embeddable":true,"href":"http:\/\/archiv.szolnoktv.hu\/index.php?rest_route=%2Fwp%2Fv2%2Ftags&post=25867"}],"curies":[{"name":"wp","href":"https:\/\/api.w.org\/{rel}","templated":true}]}}