{"id":25866,"date":"2011-08-16T14:26:59","date_gmt":"2011-08-16T14:26:59","guid":{"rendered":"http:\/\/archiv.szolnoktv.hu\/?p=25866"},"modified":"2021-10-28T17:31:36","modified_gmt":"2021-10-28T17:31:36","slug":"egy-evet-csuszik-a-tanuszoda-fejlesztes","status":"publish","type":"post","link":"http:\/\/archiv.szolnoktv.hu\/?p=25866","title":{"rendered":"Egy \u00e9vet cs\u00faszik a tanuszoda fejleszt\u00e9s"},"content":{"rendered":"<div class='booster-block booster-read-block'><\/div><p>Egy \u00e9vvel elhalasztott\u00e1k a Kanizsa Tivadar Tanuszoda \u00e9s a Kod\u00e1ly Zolt\u00e1n \u00c1ltal\u00e1nos Iskola vizesblokkjainak fel\u00faj\u00edt\u00e1s\u00e1t. rnA projekt  kommunik\u00e1ci\u00f3s \u00e9s szeml\u00e9letform\u00e1l\u00f3 r\u00e9sze azonban szeptemberben elkezd\u0151dik.<br \/>\n<br \/> Az \u00f6nkorm\u00e1nyzat nyertes p\u00e1ly\u00e1zat\u00e1nak r\u00e9szek\u00e9nt \u00fajul meg a Kanizsa Tivadar Tanuszoda, a fejleszt\u00e9sek azonban enn\u00e9l komplexebbek. A KEOP ismeretterjeszt\u0151, szemleletform\u00e1l\u00f3 projekt v\u00edzmegtakar\u00edt\u00e1ssal, hullad\u00e9kkezel\u00e9ssel, kapcsolatos tananyagai k\u00e9sz\u00fclnek. A szeptemberi iskolakezd\u00e9skor ez a r\u00e9sz elindul. A k\u00f6zbeszerz\u00e9si elj\u00e1r\u00e1sok miatt csak augusztus 2. het\u00e9ben  tudtak volna szerz\u0151d\u00e9st k\u00f6tni a kivitelez\u0151vel,\u00edgy a beruh\u00e1z\u00e1s akad\u00e1lyozta volna az iskola rendes m\u0171k\u00f6d\u00e9s\u00e9t. Ez\u00e9rt egy \u00e9vvel elhalasztott\u00e1k a fej\u00faj\u00edt\u00e1st.J\u00f6v\u0151 ny\u00e1ron takar\u00e9kos v\u00edzrendszert \u00e9p\u00edtenek ki, ami az uszoda elfoly\u00f3 viz\u00e9t hasznos\u00edtja \u00f6bl\u00edt\u00e9sre. Napkollektorok meleg\u00edtik majd az uszoda viz\u00e9t, s\u0151t fedett ker\u00e9kp\u00e1rt\u00e1rol\u00f3 is \u00e9p\u00fcl. Energiatakar\u00e9kos csaptelepet \u00e9s vil\u00e1g\u00edt\u00e1st szerelnek  fel a az int\u00e9zm\u00e9nyben. A teljes \u00f6sszeg 100 milli\u00f3 forint, ebb\u0151l  64 milli\u00f3 forintot k\u00f6ltenek az \u00e9p\u00edt\u00e9sre, \u00e1talak\u00edt\u00e1sra.<br \/>\n<div style=\"width: 640px;\" class=\"wp-video\"><!--[if lt IE 9]><script>document.createElement('video');<\/script><![endif]-->\n<video class=\"wp-video-shortcode\" id=\"video-25866-1\" width=\"640\" height=\"360\" preload=\"metadata\" controls=\"controls\"><source type=\"video\/mp4\" src=\"\/spots\/hir\/hir_110816_01.mp4?_=1\" \/><a href=\"\/spots\/hir\/hir_110816_01.mp4\">\/spots\/hir\/hir_110816_01.mp4<\/a><\/video><\/div><\/p>\n","protected":false},"excerpt":{"rendered":"<p>Egy \u00e9vvel elhalasztott\u00e1k a Kanizsa Tivadar Tanuszoda \u00e9s a Kod\u00e1ly Zolt\u00e1n \u00c1ltal\u00e1nos Iskola vizesblokkjainak fel\u00faj\u00edt\u00e1s\u00e1t. rnA projekt kommunik\u00e1ci\u00f3s \u00e9s szeml\u00e9letform\u00e1l\u00f3 r\u00e9sze azonban szeptemberben elkezd\u0151dik. Az \u00f6nkorm\u00e1nyzat nyertes p\u00e1ly\u00e1zat\u00e1nak r\u00e9szek\u00e9nt \u00fajul meg a Kanizsa Tivadar Tanuszoda, a fejleszt\u00e9sek azonban enn\u00e9l komplexebbek. A KEOP ismeretterjeszt\u0151, szemleletform\u00e1l\u00f3 projekt v\u00edzmegtakar\u00edt\u00e1ssal, hullad\u00e9kkezel\u00e9ssel, kapcsolatos tananyagai k\u00e9sz\u00fclnek. A szeptemberi iskolakezd\u00e9skor ez a [&hellip;]<\/p>\n","protected":false},"author":2,"featured_media":0,"comment_status":"open","ping_status":"open","sticky":false,"template":"","format":"standard","meta":[],"categories":[21],"tags":[],"_links":{"self":[{"href":"http:\/\/archiv.szolnoktv.hu\/index.php?rest_route=\/wp\/v2\/posts\/25866"}],"collection":[{"href":"http:\/\/archiv.szolnoktv.hu\/index.php?rest_route=\/wp\/v2\/posts"}],"about":[{"href":"http:\/\/archiv.szolnoktv.hu\/index.php?rest_route=\/wp\/v2\/types\/post"}],"author":[{"embeddable":true,"href":"http:\/\/archiv.szolnoktv.hu\/index.php?rest_route=\/wp\/v2\/users\/2"}],"replies":[{"embeddable":true,"href":"http:\/\/archiv.szolnoktv.hu\/index.php?rest_route=%2Fwp%2Fv2%2Fcomments&post=25866"}],"version-history":[{"count":1,"href":"http:\/\/archiv.szolnoktv.hu\/index.php?rest_route=\/wp\/v2\/posts\/25866\/revisions"}],"predecessor-version":[{"id":25983,"href":"http:\/\/archiv.szolnoktv.hu\/index.php?rest_route=\/wp\/v2\/posts\/25866\/revisions\/25983"}],"wp:attachment":[{"href":"http:\/\/archiv.szolnoktv.hu\/index.php?rest_route=%2Fwp%2Fv2%2Fmedia&parent=25866"}],"wp:term":[{"taxonomy":"category","embeddable":true,"href":"http:\/\/archiv.szolnoktv.hu\/index.php?rest_route=%2Fwp%2Fv2%2Fcategories&post=25866"},{"taxonomy":"post_tag","embeddable":true,"href":"http:\/\/archiv.szolnoktv.hu\/index.php?rest_route=%2Fwp%2Fv2%2Ftags&post=25866"}],"curies":[{"name":"wp","href":"https:\/\/api.w.org\/{rel}","templated":true}]}}