{"id":25865,"date":"2011-08-15T16:59:47","date_gmt":"2011-08-15T16:59:47","guid":{"rendered":"http:\/\/archiv.szolnoktv.hu\/?p=25865"},"modified":"2021-10-28T17:31:37","modified_gmt":"2021-10-28T17:31:37","slug":"veszelyes-babaruhak","status":"publish","type":"post","link":"http:\/\/archiv.szolnoktv.hu\/?p=25865","title":{"rendered":"Vesz\u00e9lyes babaruh\u00e1k"},"content":{"rendered":"<div class='booster-block booster-read-block'><\/div><p>T\u00f6bb mint 50 f\u00e9le csecsem\u0151 \u00e9s gyermekruh\u00e1t tiltott be a Nemzeti Fogyaszt\u00f3v\u00e9delmi Hat\u00f3s\u00e1g. A j\u00faliusi orsz\u00e1gos akci\u00f3 sor\u00e1n t\u00f6bb mint 3 milli\u00f3 forint b\u00edrs\u00e1got szabtak ki.<br \/>\n<br \/> A Nemzeti Fogyaszt\u00f3v\u00e9delmi Hat\u00f3s\u00e1g ellen\u0151rz\u00e9sein 52 f\u00e9le vesz\u00e9lyes holmit tal\u00e1ltak a szakemberek. A nagyobb forgalm\u00fa \u00fczletekben m\u00e1r a v\u00e1s\u00e1rl\u00f3k is tudatosak, odafigyelnek arra  milyen ruh\u00e1t vesznek a kicsiknek. Szolnokon a k\u00e9sz\u00edt\u0151k  gumit tesznek a kapucniba, vagy  bevarrj\u00e1k a zsin\u00f3rt,hogy azt ne lehessen kih\u00fazni. Gondot jelenthet a ruh\u00e1k sz\u00ednez\u0151anyaga is, ami ak\u00e1r s\u00falyos t\u00fcneteket is okozhat. Erre legink\u00e1bb a keletr\u0151l \u00e9rkez\u0151 olcs\u00f3bb term\u00e9kek eset\u00e9ben van es\u00e9ly.<br \/>\n<div style=\"width: 640px;\" class=\"wp-video\"><!--[if lt IE 9]><script>document.createElement('video');<\/script><![endif]-->\n<video class=\"wp-video-shortcode\" id=\"video-25865-1\" width=\"640\" height=\"360\" preload=\"metadata\" controls=\"controls\"><source type=\"video\/mp4\" src=\"\/spots\/hir\/hir_110815_04.mp4?_=1\" \/><a href=\"\/spots\/hir\/hir_110815_04.mp4\">\/spots\/hir\/hir_110815_04.mp4<\/a><\/video><\/div><\/p>\n","protected":false},"excerpt":{"rendered":"<p>T\u00f6bb mint 50 f\u00e9le csecsem\u0151 \u00e9s gyermekruh\u00e1t tiltott be a Nemzeti Fogyaszt\u00f3v\u00e9delmi Hat\u00f3s\u00e1g. A j\u00faliusi orsz\u00e1gos akci\u00f3 sor\u00e1n t\u00f6bb mint 3 milli\u00f3 forint b\u00edrs\u00e1got szabtak ki. A Nemzeti Fogyaszt\u00f3v\u00e9delmi Hat\u00f3s\u00e1g ellen\u0151rz\u00e9sein 52 f\u00e9le vesz\u00e9lyes holmit tal\u00e1ltak a szakemberek. A nagyobb forgalm\u00fa \u00fczletekben m\u00e1r a v\u00e1s\u00e1rl\u00f3k is tudatosak, odafigyelnek arra milyen ruh\u00e1t vesznek a kicsiknek. Szolnokon [&hellip;]<\/p>\n","protected":false},"author":2,"featured_media":0,"comment_status":"open","ping_status":"open","sticky":false,"template":"","format":"standard","meta":[],"categories":[21],"tags":[],"_links":{"self":[{"href":"http:\/\/archiv.szolnoktv.hu\/index.php?rest_route=\/wp\/v2\/posts\/25865"}],"collection":[{"href":"http:\/\/archiv.szolnoktv.hu\/index.php?rest_route=\/wp\/v2\/posts"}],"about":[{"href":"http:\/\/archiv.szolnoktv.hu\/index.php?rest_route=\/wp\/v2\/types\/post"}],"author":[{"embeddable":true,"href":"http:\/\/archiv.szolnoktv.hu\/index.php?rest_route=\/wp\/v2\/users\/2"}],"replies":[{"embeddable":true,"href":"http:\/\/archiv.szolnoktv.hu\/index.php?rest_route=%2Fwp%2Fv2%2Fcomments&post=25865"}],"version-history":[{"count":1,"href":"http:\/\/archiv.szolnoktv.hu\/index.php?rest_route=\/wp\/v2\/posts\/25865\/revisions"}],"predecessor-version":[{"id":25984,"href":"http:\/\/archiv.szolnoktv.hu\/index.php?rest_route=\/wp\/v2\/posts\/25865\/revisions\/25984"}],"wp:attachment":[{"href":"http:\/\/archiv.szolnoktv.hu\/index.php?rest_route=%2Fwp%2Fv2%2Fmedia&parent=25865"}],"wp:term":[{"taxonomy":"category","embeddable":true,"href":"http:\/\/archiv.szolnoktv.hu\/index.php?rest_route=%2Fwp%2Fv2%2Fcategories&post=25865"},{"taxonomy":"post_tag","embeddable":true,"href":"http:\/\/archiv.szolnoktv.hu\/index.php?rest_route=%2Fwp%2Fv2%2Ftags&post=25865"}],"curies":[{"name":"wp","href":"https:\/\/api.w.org\/{rel}","templated":true}]}}