{"id":25864,"date":"2011-08-15T16:54:52","date_gmt":"2011-08-15T16:54:52","guid":{"rendered":"http:\/\/archiv.szolnoktv.hu\/?p=25864"},"modified":"2021-10-28T17:31:37","modified_gmt":"2021-10-28T17:31:37","slug":"elkezdodott-a-parlagfuszezon","status":"publish","type":"post","link":"http:\/\/archiv.szolnoktv.hu\/?p=25864","title":{"rendered":"Elkezd\u0151d\u00f6tt a parlagf\u0171szezon"},"content":{"rendered":"<div class='booster-block booster-read-block'><\/div><p>Bek\u00f6sz\u00f6nt\u00f6tt a parlagf\u0171szezon. A legfrissebb pollenjelent\u00e9s szerint Szolnok t\u00e9rs\u00e9g\u00e9ben  magas koncentr\u00e1ci\u00f3t  m\u00e9rtek. Ennek egyik oka, &#8211; panaszos n\u00e9z\u0151ink szerint- a v\u00e1rosi sz\u00e9li \u00e1rt\u00e9ren elter\u00fcl\u0151 parlagf\u0171erd\u0151. A ter\u00fclet kezel\u0151je j\u00f6v\u0151 h\u00e9ten kezdi meg az irt\u00e1st az \u00e9rintett r\u00e9szeken.<br \/>\n<br \/> Parlagf\u0171erd\u0151re h\u00edvt\u00e1k fel n\u00e9z\u0151ink figyelm\u00fcnket. Val\u00f3ban ember nagys\u00e1g\u00fa vir\u00e1gz\u00f3 gyomn\u00f6v\u00e9nyek t\u00f6meg\u00e9t tal\u00e1ltuk az \u00e1rt\u00e9ren. Egyes hazai felm\u00e9r\u00e9sek szerint t\u00f6bb mint 1 milli\u00f3an k\u00fczdenek a kellemetlen t\u00fcnetekkel. Tal\u00e1n nem v\u00e9letlen, hogy szombaton Szolnokon \u00e9s Szeksz\u00e1rdon m\u00e9rt\u00e9k a legmagasabb pollenterhel\u00e9st.  Az \u00e9rintett ter\u00fclet  tulajdonosa a magyar \u00e1llam, kezel\u0151je a K\u00f6z\u00e9p-Tisza-Vid\u00e9ki K\u00f6rnyezetv\u00e9delmi \u00e9s V\u00edz\u00fcgyi Igazgat\u00f3s\u00e1g. A szervezet sajt\u00f3referense arr\u00f3l t\u00e1j\u00e9koztatta szerkeszt\u0151s\u00e9g\u00fcnket a  hogy a Bivalyt\u00f3i feltorl\u00f3dott munk\u00e1k miatt g\u00e9peik j\u00f6v\u0151 h\u00e9ten \u00e9rik el a szolnoki ter\u00fcleteket. \u00cdgy az \u00e1rt\u00e9r jobb oldal\u00e1t ekkor kezdik t\u00e1rcs\u00e1z\u00e1ssal parlagf\u0171mentes\u00edteni. A bal oldali r\u00e9sz kasz\u00e1l\u00e1sa a vegyes tulajdoni viszonyok miatt m\u00e9g k\u00e9rd\u00e9ses. rn<br \/>\n<div style=\"width: 640px;\" class=\"wp-video\"><!--[if lt IE 9]><script>document.createElement('video');<\/script><![endif]-->\n<video class=\"wp-video-shortcode\" id=\"video-25864-1\" width=\"640\" height=\"360\" preload=\"metadata\" controls=\"controls\"><source type=\"video\/mp4\" src=\"\/spots\/hir\/hir_110815_05.mp4?_=1\" \/><a href=\"\/spots\/hir\/hir_110815_05.mp4\">\/spots\/hir\/hir_110815_05.mp4<\/a><\/video><\/div><\/p>\n","protected":false},"excerpt":{"rendered":"<p>Bek\u00f6sz\u00f6nt\u00f6tt a parlagf\u0171szezon. A legfrissebb pollenjelent\u00e9s szerint Szolnok t\u00e9rs\u00e9g\u00e9ben magas koncentr\u00e1ci\u00f3t m\u00e9rtek. Ennek egyik oka, &#8211; panaszos n\u00e9z\u0151ink szerint- a v\u00e1rosi sz\u00e9li \u00e1rt\u00e9ren elter\u00fcl\u0151 parlagf\u0171erd\u0151. A ter\u00fclet kezel\u0151je j\u00f6v\u0151 h\u00e9ten kezdi meg az irt\u00e1st az \u00e9rintett r\u00e9szeken. Parlagf\u0171erd\u0151re h\u00edvt\u00e1k fel n\u00e9z\u0151ink figyelm\u00fcnket. Val\u00f3ban ember nagys\u00e1g\u00fa vir\u00e1gz\u00f3 gyomn\u00f6v\u00e9nyek t\u00f6meg\u00e9t tal\u00e1ltuk az \u00e1rt\u00e9ren. Egyes hazai felm\u00e9r\u00e9sek szerint [&hellip;]<\/p>\n","protected":false},"author":2,"featured_media":0,"comment_status":"open","ping_status":"open","sticky":false,"template":"","format":"standard","meta":[],"categories":[21],"tags":[],"_links":{"self":[{"href":"http:\/\/archiv.szolnoktv.hu\/index.php?rest_route=\/wp\/v2\/posts\/25864"}],"collection":[{"href":"http:\/\/archiv.szolnoktv.hu\/index.php?rest_route=\/wp\/v2\/posts"}],"about":[{"href":"http:\/\/archiv.szolnoktv.hu\/index.php?rest_route=\/wp\/v2\/types\/post"}],"author":[{"embeddable":true,"href":"http:\/\/archiv.szolnoktv.hu\/index.php?rest_route=\/wp\/v2\/users\/2"}],"replies":[{"embeddable":true,"href":"http:\/\/archiv.szolnoktv.hu\/index.php?rest_route=%2Fwp%2Fv2%2Fcomments&post=25864"}],"version-history":[{"count":1,"href":"http:\/\/archiv.szolnoktv.hu\/index.php?rest_route=\/wp\/v2\/posts\/25864\/revisions"}],"predecessor-version":[{"id":25985,"href":"http:\/\/archiv.szolnoktv.hu\/index.php?rest_route=\/wp\/v2\/posts\/25864\/revisions\/25985"}],"wp:attachment":[{"href":"http:\/\/archiv.szolnoktv.hu\/index.php?rest_route=%2Fwp%2Fv2%2Fmedia&parent=25864"}],"wp:term":[{"taxonomy":"category","embeddable":true,"href":"http:\/\/archiv.szolnoktv.hu\/index.php?rest_route=%2Fwp%2Fv2%2Fcategories&post=25864"},{"taxonomy":"post_tag","embeddable":true,"href":"http:\/\/archiv.szolnoktv.hu\/index.php?rest_route=%2Fwp%2Fv2%2Ftags&post=25864"}],"curies":[{"name":"wp","href":"https:\/\/api.w.org\/{rel}","templated":true}]}}