{"id":25863,"date":"2011-08-15T15:28:13","date_gmt":"2011-08-15T15:28:13","guid":{"rendered":"http:\/\/archiv.szolnoktv.hu\/?p=25863"},"modified":"2021-10-28T17:31:37","modified_gmt":"2021-10-28T17:31:37","slug":"elkezdodnek-a-munkalatok-szandaszoloson","status":"publish","type":"post","link":"http:\/\/archiv.szolnoktv.hu\/?p=25863","title":{"rendered":"Elkezd\u0151dnek a munk\u00e1latok Szandasz\u0151l\u0151s\u00f6n"},"content":{"rendered":"<div class='booster-block booster-read-block'><\/div><p>\u00c1tadt\u00e1k a kivitelez\u0151nek a munkater\u00fcletet Szandasz\u0151l\u0151s k\u00f6zpontj\u00e1ban. A  rekonstrukci\u00f3 sor\u00e1n \u00faj parkol\u00f3helyeket alak\u00edtanak ki, a t\u00e9r pedig d\u00edszburkolatot kap. A munk\u00e1latok okt\u00f3ber v\u00e9g\u00e9ig tartanak.rn<br \/>\n<br \/> H\u00e9tf\u0151n d\u00e9lel\u0151tt Szandasz\u0151l\u0151s k\u00f6zpontj\u00e1ban a k\u00f6zm\u0171szolg\u00e1ltat\u00f3k k\u00e9pvisel\u0151i, a beruh\u00e1z\u00f3, a megrendel\u0151 \u00f6nkorm\u00e1nyzat k\u00e9pvisel\u0151je, a m\u0171szaki ellen\u0151r \u00e9s a kivitelez\u0151 bej\u00e1rt\u00e1k a ter\u00fcletet, melyet a k\u00f6vetkez\u0151 h\u00e1rom h\u00f3nap munk\u00e1latai \u00e9rintenek. Sz\u00f3ba ker\u00fcltek a lehets\u00e9ges probl\u00e9m\u00e1k \u00e9s pontos\u00edtott\u00e1k a k\u00f6zm\u0171vek hely\u00e9t. Ezut\u00e1n pedig elkezd\u0151dhetnek a k\u00f6zpont d\u00edszt\u00e9rburkolati \u00e9s \u00fat\u00e9p\u00edt\u00e9si munk\u00e1latai. A felel\u0151s m\u0171szaki vezet\u0151, Varga J\u00f3zsef elmondta: az els\u0151 f\u00e1zis a k\u00e9t buszmeg\u00e1ll\u00f3 \u00e1thelyez\u00e9se \u00e9s az ideiglenes meg\u00e1ll\u00f3k elk\u00e9sz\u00edt\u00e9se. A k\u00f6vetkez\u0151 munka a csapad\u00e9kelvezet\u0151 csatorna \u00e9p\u00edt\u00e9se lesz, majd az \u00e1ruh\u00e1z el\u0151tti parkol\u00f3 \u00faj bej\u00e1r\u00f3j\u00e1nak meg\u00e9p\u00edt\u00e9se \u00e9s n\u00e9gy \u00faj parkol\u00f3 l\u00e9test\u00e9se. Ezek ut\u00e1n kezdik az \u00fat\u00e9p\u00edt\u00e9si munk\u00e1kat, a k\u00f6zpont d\u00edszburkolatot kap, \u00faj buszmeg\u00e1ll\u00f3k \u00e9s peronok k\u00e9sz\u00fclnek. A kivitelez\u0151 elmondta: a munk\u00e1latok miatt a parkol\u00e1s a j\u00f6v\u0151 h\u00e9t k\u00f6zep\u00e9t\u0151l megsz\u0171nik ezen a ter\u00fcleten. Azok az aut\u00f3sok, akik az \u00e1ruh\u00e1zba, illetve szeptemberben az iskol\u00e1ba igyekeznek, a tavaly elk\u00e9sz\u00fclt Munk\u00e1csy utcai parkol\u00f3kat vehetik majd ig\u00e9nybe. Szint\u00e9n j\u00f6v\u0151 h\u00e9tt\u0151l v\u00e1rhat\u00f3 f\u00e9lp\u00e1ly\u00e1s \u00fatlez\u00e1r\u00e1s a Gorkij \u00e9s a Kr\u00fady utc\u00e1kban. A munk\u00e1latok okt\u00f3ber v\u00e9g\u00e9ig tartanak.<br \/>\n<div style=\"width: 640px;\" class=\"wp-video\"><!--[if lt IE 9]><script>document.createElement('video');<\/script><![endif]-->\n<video class=\"wp-video-shortcode\" id=\"video-25863-1\" width=\"640\" height=\"360\" preload=\"metadata\" controls=\"controls\"><source type=\"video\/mp4\" src=\"\/spots\/hir\/hir_110815_03.mp4?_=1\" \/><a href=\"\/spots\/hir\/hir_110815_03.mp4\">\/spots\/hir\/hir_110815_03.mp4<\/a><\/video><\/div><\/p>\n","protected":false},"excerpt":{"rendered":"<p>\u00c1tadt\u00e1k a kivitelez\u0151nek a munkater\u00fcletet Szandasz\u0151l\u0151s k\u00f6zpontj\u00e1ban. A rekonstrukci\u00f3 sor\u00e1n \u00faj parkol\u00f3helyeket alak\u00edtanak ki, a t\u00e9r pedig d\u00edszburkolatot kap. A munk\u00e1latok okt\u00f3ber v\u00e9g\u00e9ig tartanak.rn H\u00e9tf\u0151n d\u00e9lel\u0151tt Szandasz\u0151l\u0151s k\u00f6zpontj\u00e1ban a k\u00f6zm\u0171szolg\u00e1ltat\u00f3k k\u00e9pvisel\u0151i, a beruh\u00e1z\u00f3, a megrendel\u0151 \u00f6nkorm\u00e1nyzat k\u00e9pvisel\u0151je, a m\u0171szaki ellen\u0151r \u00e9s a kivitelez\u0151 bej\u00e1rt\u00e1k a ter\u00fcletet, melyet a k\u00f6vetkez\u0151 h\u00e1rom h\u00f3nap munk\u00e1latai \u00e9rintenek. Sz\u00f3ba ker\u00fcltek [&hellip;]<\/p>\n","protected":false},"author":2,"featured_media":0,"comment_status":"open","ping_status":"open","sticky":false,"template":"","format":"standard","meta":[],"categories":[21],"tags":[],"_links":{"self":[{"href":"http:\/\/archiv.szolnoktv.hu\/index.php?rest_route=\/wp\/v2\/posts\/25863"}],"collection":[{"href":"http:\/\/archiv.szolnoktv.hu\/index.php?rest_route=\/wp\/v2\/posts"}],"about":[{"href":"http:\/\/archiv.szolnoktv.hu\/index.php?rest_route=\/wp\/v2\/types\/post"}],"author":[{"embeddable":true,"href":"http:\/\/archiv.szolnoktv.hu\/index.php?rest_route=\/wp\/v2\/users\/2"}],"replies":[{"embeddable":true,"href":"http:\/\/archiv.szolnoktv.hu\/index.php?rest_route=%2Fwp%2Fv2%2Fcomments&post=25863"}],"version-history":[{"count":1,"href":"http:\/\/archiv.szolnoktv.hu\/index.php?rest_route=\/wp\/v2\/posts\/25863\/revisions"}],"predecessor-version":[{"id":25986,"href":"http:\/\/archiv.szolnoktv.hu\/index.php?rest_route=\/wp\/v2\/posts\/25863\/revisions\/25986"}],"wp:attachment":[{"href":"http:\/\/archiv.szolnoktv.hu\/index.php?rest_route=%2Fwp%2Fv2%2Fmedia&parent=25863"}],"wp:term":[{"taxonomy":"category","embeddable":true,"href":"http:\/\/archiv.szolnoktv.hu\/index.php?rest_route=%2Fwp%2Fv2%2Fcategories&post=25863"},{"taxonomy":"post_tag","embeddable":true,"href":"http:\/\/archiv.szolnoktv.hu\/index.php?rest_route=%2Fwp%2Fv2%2Ftags&post=25863"}],"curies":[{"name":"wp","href":"https:\/\/api.w.org\/{rel}","templated":true}]}}