{"id":25862,"date":"2011-08-15T14:38:27","date_gmt":"2011-08-15T14:38:27","guid":{"rendered":"http:\/\/archiv.szolnoktv.hu\/?p=25862"},"modified":"2021-10-28T17:31:37","modified_gmt":"2021-10-28T17:31:37","slug":"ujra-nyitva","status":"publish","type":"post","link":"http:\/\/archiv.szolnoktv.hu\/?p=25862","title":{"rendered":"\u00dajra nyitva"},"content":{"rendered":"<div class='booster-block booster-read-block'><\/div><p>M\u00e1t\u00f3l \u00fajra a M\u00f3ra \u00fati b\u00f6lcs\u0151d\u00e9be j\u00e1rhatnak a gyerekek, az \u00e9p\u00edtkez\u00e9s hat\u00e1rid\u0151re befejez\u0151d\u00f6tt. M\u00e1r csak n\u00e9h\u00e1ny apr\u00f3s\u00e1g, mint p\u00e9ld\u00e1ul a csoportszob\u00e1k d\u00edsz\u00edt\u00e9se van h\u00e1tra \u00e9s szeptember elej\u00e9n m\u00e1r fogadhatja is az els\u0151 apr\u00f3s\u00e1gokat az \u00faj, 20 f\u00e9r\u0151helyes \u00faj \u00e9p\u00fclet.<br \/>\n<br \/> \u00c1prilis k\u00f6zep\u00e9n kezd\u0151d\u00f6tt el a M\u00f3ra \u00fati b\u00f6lcs\u0151de f\u00e9r\u0151helyb\u0151v\u00edt\u00e9se \u00e9s fel\u00faj\u00edt\u00e1sa. Ameddig lehetett, az \u00e9p\u00edtkez\u00e9s mellett \u00e9lte mindennapi \u00e9let\u00e9t az int\u00e9zm\u00e9ny. A n\u00e9gyhetes ny\u00e1ri sz\u00fcnet is hamarabb, j\u00fanius 13-\u00e1n kezd\u0151d\u00f6tt, j\u00falius 11-t\u0151l pedig a Kolozsv\u00e1ri \u00fati b\u00f6lcs\u0151d\u00e9be k\u00f6lt\u00f6ztek \u00e1t ideiglenesen. A visszak\u00f6lt\u00f6z\u00e9s ma j\u00f6tt el, az \u00e9p\u00edtkez\u00e9snek m\u00e1r nyoma sincs, az apr\u00f3s\u00e1gok \u00f6nfeledten j\u00e1tszottak az udvaron. A 300 n\u00e9gyzetm\u00e9teres, korszer\u0171, minden ig\u00e9nyt kiel\u00e9g\u00edt\u0151 \u00faj \u00e9p\u00fcletben k\u00e9t csoport- \u00e9s egy j\u00e1tsz\u00f3-, valamint egy f\u00fcrd\u0151szob\u00e1t, illetve sz\u00e1mos kiszolg\u00e1l\u00f3 helyis\u00e9get alak\u00edtottak ki. A c\u00e9l a konyha teljes fel\u00faj\u00edt\u00e1sa \u00e9s a r\u00e9gi \u00e9p\u00fclet akad\u00e1lymentes\u00edt\u00e9se mellett a f\u00e9r\u0151helyb\u0151v\u00edt\u00e9s volt: imm\u00e1r 80 gyermeket tud fogadni az int\u00e9zm\u00e9ny. A beruh\u00e1z\u00e1s 123 milli\u00f3 forintba ker\u00fclt, ebb\u0151l a region\u00e1lis operat\u00edv program p\u00e1ly\u00e1zat\u00e1n 104 milli\u00f3 forint t\u00e1mogat\u00e1st nyert a fenntart\u00f3 szolnoki \u00f6nkorm\u00e1nyzat.<br \/>\n<div style=\"width: 640px;\" class=\"wp-video\"><!--[if lt IE 9]><script>document.createElement('video');<\/script><![endif]-->\n<video class=\"wp-video-shortcode\" id=\"video-25862-1\" width=\"640\" height=\"360\" preload=\"metadata\" controls=\"controls\"><source type=\"video\/mp4\" src=\"\/spots\/hir\/hir_110815_01.mp4?_=1\" \/><a href=\"\/spots\/hir\/hir_110815_01.mp4\">\/spots\/hir\/hir_110815_01.mp4<\/a><\/video><\/div><\/p>\n","protected":false},"excerpt":{"rendered":"<p>M\u00e1t\u00f3l \u00fajra a M\u00f3ra \u00fati b\u00f6lcs\u0151d\u00e9be j\u00e1rhatnak a gyerekek, az \u00e9p\u00edtkez\u00e9s hat\u00e1rid\u0151re befejez\u0151d\u00f6tt. M\u00e1r csak n\u00e9h\u00e1ny apr\u00f3s\u00e1g, mint p\u00e9ld\u00e1ul a csoportszob\u00e1k d\u00edsz\u00edt\u00e9se van h\u00e1tra \u00e9s szeptember elej\u00e9n m\u00e1r fogadhatja is az els\u0151 apr\u00f3s\u00e1gokat az \u00faj, 20 f\u00e9r\u0151helyes \u00faj \u00e9p\u00fclet. \u00c1prilis k\u00f6zep\u00e9n kezd\u0151d\u00f6tt el a M\u00f3ra \u00fati b\u00f6lcs\u0151de f\u00e9r\u0151helyb\u0151v\u00edt\u00e9se \u00e9s fel\u00faj\u00edt\u00e1sa. Ameddig lehetett, az \u00e9p\u00edtkez\u00e9s mellett [&hellip;]<\/p>\n","protected":false},"author":2,"featured_media":0,"comment_status":"open","ping_status":"open","sticky":false,"template":"","format":"standard","meta":[],"categories":[21],"tags":[],"_links":{"self":[{"href":"http:\/\/archiv.szolnoktv.hu\/index.php?rest_route=\/wp\/v2\/posts\/25862"}],"collection":[{"href":"http:\/\/archiv.szolnoktv.hu\/index.php?rest_route=\/wp\/v2\/posts"}],"about":[{"href":"http:\/\/archiv.szolnoktv.hu\/index.php?rest_route=\/wp\/v2\/types\/post"}],"author":[{"embeddable":true,"href":"http:\/\/archiv.szolnoktv.hu\/index.php?rest_route=\/wp\/v2\/users\/2"}],"replies":[{"embeddable":true,"href":"http:\/\/archiv.szolnoktv.hu\/index.php?rest_route=%2Fwp%2Fv2%2Fcomments&post=25862"}],"version-history":[{"count":1,"href":"http:\/\/archiv.szolnoktv.hu\/index.php?rest_route=\/wp\/v2\/posts\/25862\/revisions"}],"predecessor-version":[{"id":25987,"href":"http:\/\/archiv.szolnoktv.hu\/index.php?rest_route=\/wp\/v2\/posts\/25862\/revisions\/25987"}],"wp:attachment":[{"href":"http:\/\/archiv.szolnoktv.hu\/index.php?rest_route=%2Fwp%2Fv2%2Fmedia&parent=25862"}],"wp:term":[{"taxonomy":"category","embeddable":true,"href":"http:\/\/archiv.szolnoktv.hu\/index.php?rest_route=%2Fwp%2Fv2%2Fcategories&post=25862"},{"taxonomy":"post_tag","embeddable":true,"href":"http:\/\/archiv.szolnoktv.hu\/index.php?rest_route=%2Fwp%2Fv2%2Ftags&post=25862"}],"curies":[{"name":"wp","href":"https:\/\/api.w.org\/{rel}","templated":true}]}}