{"id":25861,"date":"2011-08-15T14:14:54","date_gmt":"2011-08-15T14:14:54","guid":{"rendered":"http:\/\/archiv.szolnoktv.hu\/?p=25861"},"modified":"2021-10-28T17:31:37","modified_gmt":"2021-10-28T17:31:37","slug":"szolnoki-siker-a-kotelugro-eb-nvideo","status":"publish","type":"post","link":"http:\/\/archiv.szolnoktv.hu\/?p=25861","title":{"rendered":"Szolnoki siker a k\u00f6t\u00e9lugr\u00f3 EB-n+video"},"content":{"rendered":"<div class='booster-block booster-read-block'><\/div><p>Egy ez\u00fcst \u00e9s egy bronz\u00e9remmel t\u00e9rtek haza az \u00dajv\u00e1rosi DSE k\u00f6t\u00e9lugr\u00f3i a nagykanizsai Eur\u00f3pa bajnoks\u00e1gr\u00f3l. A megm\u00e9rettet\u00e9sen t\u00f6bb sz\u00e1z versenyz\u0151 vett r\u00e9szt, er\u0151s volt a mez\u0151ny, sem az edz\u0151, sem pedig a l\u00e1nyok nem sz\u00e1m\u00edtottak dobog\u00f3s eredm\u00e9nyre.<br \/>\n<br \/> J\u00falius elej\u00e9n m\u00e9g arr\u00f3l sz\u00e1moltunk be: anyagi okok miatt bizonytalan az \u00dajv\u00e1rosi DSE l\u00e1nyainak szerepl\u00e9se a 2011-es k\u00f6t\u00e9lugr\u00f3 Eur\u00f3pa bajnoks\u00e1gon. \u00c1m a v\u00e9g\u00e9n meglett a p\u00e9nz, \u00edgy a k\u00e9t csapat ott volt a j\u00falius v\u00e9gi versenyen.  Egy ez\u00fcst \u00e9s egy bronz \u00e9remmel t\u00e9rhettek haza a bajnoks\u00e1gnak otthont ad\u00f3 Nagykanizs\u00e1r\u00f3l. A junior csapat a k\u00e9tszer egyperces versenysz\u00e1mban harmadik, m\u00edg a feln\u0151tt csapat m\u00e1sodik helyez\u00e9st \u00e9rt el. Rendk\u00edv\u00fcl er\u0151s volt a mez\u0151ny, a l\u00e1nyoknak nagyon sokat kellett edzeni\u00fck ahhoz, hogy dobog\u00f3s eredm\u00e9nyt \u00e9rjenek el. N\u00e9gy versenysz\u00e1mra kellett felk\u00e9sz\u00fclnie az \u00f6t f\u0151s junior \u00e9s az \u00f6tf\u0151s feln\u0151tt n\u0151i csapatnak.rnA l\u00e1nyok nem sz\u00e1m\u00edtottak ilyen sz\u00e9p eredm\u00e9nyre. A k\u00f6vetkez\u0151 k\u00f6t\u00e9lugr\u00f3 EB 2013-ban lesz. Szekeres Julianna edz\u0151  szerint  \u00e9rdemes a bajnoki c\u00edm\u00e9rt k\u00fczdeni\u00fck a l\u00e1nyoknak, hisz m\u00e1r most is bizony\u00edtott\u00e1k tehets\u00e9g\u00fcket. rn<br \/>\n<div style=\"width: 640px;\" class=\"wp-video\"><!--[if lt IE 9]><script>document.createElement('video');<\/script><![endif]-->\n<video class=\"wp-video-shortcode\" id=\"video-25861-1\" width=\"640\" height=\"360\" preload=\"metadata\" controls=\"controls\"><source type=\"video\/mp4\" src=\"\/spots\/hir\/hir_110815_02.mp4?_=1\" \/><a href=\"\/spots\/hir\/hir_110815_02.mp4\">\/spots\/hir\/hir_110815_02.mp4<\/a><\/video><\/div><\/p>\n","protected":false},"excerpt":{"rendered":"<p>Egy ez\u00fcst \u00e9s egy bronz\u00e9remmel t\u00e9rtek haza az \u00dajv\u00e1rosi DSE k\u00f6t\u00e9lugr\u00f3i a nagykanizsai Eur\u00f3pa bajnoks\u00e1gr\u00f3l. A megm\u00e9rettet\u00e9sen t\u00f6bb sz\u00e1z versenyz\u0151 vett r\u00e9szt, er\u0151s volt a mez\u0151ny, sem az edz\u0151, sem pedig a l\u00e1nyok nem sz\u00e1m\u00edtottak dobog\u00f3s eredm\u00e9nyre. J\u00falius elej\u00e9n m\u00e9g arr\u00f3l sz\u00e1moltunk be: anyagi okok miatt bizonytalan az \u00dajv\u00e1rosi DSE l\u00e1nyainak szerepl\u00e9se a 2011-es k\u00f6t\u00e9lugr\u00f3 [&hellip;]<\/p>\n","protected":false},"author":2,"featured_media":0,"comment_status":"open","ping_status":"open","sticky":false,"template":"","format":"standard","meta":[],"categories":[21],"tags":[],"_links":{"self":[{"href":"http:\/\/archiv.szolnoktv.hu\/index.php?rest_route=\/wp\/v2\/posts\/25861"}],"collection":[{"href":"http:\/\/archiv.szolnoktv.hu\/index.php?rest_route=\/wp\/v2\/posts"}],"about":[{"href":"http:\/\/archiv.szolnoktv.hu\/index.php?rest_route=\/wp\/v2\/types\/post"}],"author":[{"embeddable":true,"href":"http:\/\/archiv.szolnoktv.hu\/index.php?rest_route=\/wp\/v2\/users\/2"}],"replies":[{"embeddable":true,"href":"http:\/\/archiv.szolnoktv.hu\/index.php?rest_route=%2Fwp%2Fv2%2Fcomments&post=25861"}],"version-history":[{"count":1,"href":"http:\/\/archiv.szolnoktv.hu\/index.php?rest_route=\/wp\/v2\/posts\/25861\/revisions"}],"predecessor-version":[{"id":25988,"href":"http:\/\/archiv.szolnoktv.hu\/index.php?rest_route=\/wp\/v2\/posts\/25861\/revisions\/25988"}],"wp:attachment":[{"href":"http:\/\/archiv.szolnoktv.hu\/index.php?rest_route=%2Fwp%2Fv2%2Fmedia&parent=25861"}],"wp:term":[{"taxonomy":"category","embeddable":true,"href":"http:\/\/archiv.szolnoktv.hu\/index.php?rest_route=%2Fwp%2Fv2%2Fcategories&post=25861"},{"taxonomy":"post_tag","embeddable":true,"href":"http:\/\/archiv.szolnoktv.hu\/index.php?rest_route=%2Fwp%2Fv2%2Ftags&post=25861"}],"curies":[{"name":"wp","href":"https:\/\/api.w.org\/{rel}","templated":true}]}}