{"id":25860,"date":"2011-08-14T17:50:55","date_gmt":"2011-08-14T17:50:55","guid":{"rendered":"http:\/\/archiv.szolnoktv.hu\/?p=25860"},"modified":"2021-10-28T17:31:37","modified_gmt":"2021-10-28T17:31:37","slug":"iii-telepi-gasztronomiai-es-sportnap","status":"publish","type":"post","link":"http:\/\/archiv.szolnoktv.hu\/?p=25860","title":{"rendered":"III. Telepi Gasztron\u00f3miai \u00e9s Sportnap"},"content":{"rendered":"<div class='booster-block booster-read-block'><\/div><p>A pereml\u00e9tben \u00e9l\u0151k integr\u00e1ci\u00f3j\u00e1t seg\u00edtik a telepi napok. Id\u00e9n 4 alkalommal szerveznek ilyet. Szombaton a Tulip\u00e1n \u00fat k\u00f6rny\u00e9k\u00e9n f\u0151ztek,sportoltak \u00e9s k\u00e9zm\u00fcveskedtek a r\u00e9sztvev\u0151k.<br \/>\n<br \/> A telepi gasztron\u00f3miai \u00e9s sportnap a szolnoki \u00e9s  a cig\u00e1ny kisebbs\u00e9gi \u00f6nkorm\u00e1nyzat k\u00f6z\u00f6s kezdem\u00e9nyez\u00e9se. Eddig csak a T\u00fccs\u00f6k \u00e9s Hangya \u00faton volt, id\u00e9n azonban a Tulip\u00e1n \u00fat k\u00f6rny\u00e9k\u00e9n, az \u00dcteg \u00e9s Motor \u00faton valamint  a szandasz\u0151l\u0151si Katona J\u00f3zsef \u00faton szerveznek k\u00f6z\u00f6ss\u00e9gi napot.<br \/>\n<div style=\"width: 640px;\" class=\"wp-video\"><!--[if lt IE 9]><script>document.createElement('video');<\/script><![endif]-->\n<video class=\"wp-video-shortcode\" id=\"video-25860-1\" width=\"640\" height=\"360\" preload=\"metadata\" controls=\"controls\"><source type=\"video\/mp4\" src=\"\/spots\/hir\/hir_110814_01.mp4?_=1\" \/><a href=\"\/spots\/hir\/hir_110814_01.mp4\">\/spots\/hir\/hir_110814_01.mp4<\/a><\/video><\/div><\/p>\n","protected":false},"excerpt":{"rendered":"<p>A pereml\u00e9tben \u00e9l\u0151k integr\u00e1ci\u00f3j\u00e1t seg\u00edtik a telepi napok. Id\u00e9n 4 alkalommal szerveznek ilyet. Szombaton a Tulip\u00e1n \u00fat k\u00f6rny\u00e9k\u00e9n f\u0151ztek,sportoltak \u00e9s k\u00e9zm\u00fcveskedtek a r\u00e9sztvev\u0151k. A telepi gasztron\u00f3miai \u00e9s sportnap a szolnoki \u00e9s a cig\u00e1ny kisebbs\u00e9gi \u00f6nkorm\u00e1nyzat k\u00f6z\u00f6s kezdem\u00e9nyez\u00e9se. Eddig csak a T\u00fccs\u00f6k \u00e9s Hangya \u00faton volt, id\u00e9n azonban a Tulip\u00e1n \u00fat k\u00f6rny\u00e9k\u00e9n, az \u00dcteg \u00e9s Motor [&hellip;]<\/p>\n","protected":false},"author":2,"featured_media":0,"comment_status":"open","ping_status":"open","sticky":false,"template":"","format":"standard","meta":[],"categories":[21],"tags":[],"_links":{"self":[{"href":"http:\/\/archiv.szolnoktv.hu\/index.php?rest_route=\/wp\/v2\/posts\/25860"}],"collection":[{"href":"http:\/\/archiv.szolnoktv.hu\/index.php?rest_route=\/wp\/v2\/posts"}],"about":[{"href":"http:\/\/archiv.szolnoktv.hu\/index.php?rest_route=\/wp\/v2\/types\/post"}],"author":[{"embeddable":true,"href":"http:\/\/archiv.szolnoktv.hu\/index.php?rest_route=\/wp\/v2\/users\/2"}],"replies":[{"embeddable":true,"href":"http:\/\/archiv.szolnoktv.hu\/index.php?rest_route=%2Fwp%2Fv2%2Fcomments&post=25860"}],"version-history":[{"count":1,"href":"http:\/\/archiv.szolnoktv.hu\/index.php?rest_route=\/wp\/v2\/posts\/25860\/revisions"}],"predecessor-version":[{"id":25989,"href":"http:\/\/archiv.szolnoktv.hu\/index.php?rest_route=\/wp\/v2\/posts\/25860\/revisions\/25989"}],"wp:attachment":[{"href":"http:\/\/archiv.szolnoktv.hu\/index.php?rest_route=%2Fwp%2Fv2%2Fmedia&parent=25860"}],"wp:term":[{"taxonomy":"category","embeddable":true,"href":"http:\/\/archiv.szolnoktv.hu\/index.php?rest_route=%2Fwp%2Fv2%2Fcategories&post=25860"},{"taxonomy":"post_tag","embeddable":true,"href":"http:\/\/archiv.szolnoktv.hu\/index.php?rest_route=%2Fwp%2Fv2%2Ftags&post=25860"}],"curies":[{"name":"wp","href":"https:\/\/api.w.org\/{rel}","templated":true}]}}