{"id":25857,"date":"2011-08-14T16:26:16","date_gmt":"2011-08-14T16:26:16","guid":{"rendered":"http:\/\/archiv.szolnoktv.hu\/?p=25857"},"modified":"2021-10-28T17:31:37","modified_gmt":"2021-10-28T17:31:37","slug":"elkezdodott-az-etelkorzo","status":"publish","type":"post","link":"http:\/\/archiv.szolnoktv.hu\/?p=25857","title":{"rendered":"Elkezd\u0151d\u00f6tt az \u00c9telkorz\u00f3"},"content":{"rendered":"<div class='booster-block booster-read-block'><\/div><p>A Tisza-parti Ny\u00e1r ut\u00e1n nem maradt sok\u00e1ig \u00fcresen a Tiszai haj\u00f3sok tere. Szombaton ugyanis elkezd\u0151d\u00f6tt az \u00c9telkorz\u00f3. A sz\u00f3rakoztat\u00f3 programok mellett id\u00e9n n\u00e9gy \u00e9tterem v\u00e1rja k\u00fcl\u00f6nlegess\u00e9gekkel az \u00ednyenceket.rn<br \/>\n<br \/> Mazsorettek m\u0171sor\u00e1val kezd\u0151d\u00f6tt az idei \u00c9telkorz\u00f3 szombaton este a Tiszai haj\u00f3sok ter\u00e9n. A szemerk\u00e9l\u0151 es\u0151 nem szegte kedv\u00e9t a falatozni \u00e9s sz\u00f3rakozni v\u00e1gy\u00f3 k\u00f6z\u00f6ns\u00e9gnek, m\u00e1r a nyit\u00f3 programon is sokan vettek r\u00e9szt. Az egyik \u00e9tterem n\u00e9met, bajor \u00e9teleket k\u00edn\u00e1l k\u00f3stol\u00e1sra, j\u00f3f\u00e9le s\u00f6r\u00f6kkel, s ehhez mi m\u00e1s is duk\u00e1lna, mint a sramli zene. A hamis\u00edtatlan &#8220;oktoberfest-hangulatot&#8221;&#8221; a v\u00e9rtessoml\u00f3i Heimatt\u00f6ne Kapelle sv\u00e1b zenekar teremtette meg. A j\u00f3 zene mellett, n\u00e9zel\u0151d\u00e9s k\u00f6zben szinte lehetetlen volt ellen\u00e1llni az \u00ednycsikland\u00f3 \u00e9telek illat\u00e1nak, l\u00e1tv\u00e1ny\u00e1nak. A legt\u00f6bben \u00e9vr\u0151l \u00e9vre ell\u00e1togatnak a rendezv\u00e9nyre valami \u00fajat k\u00f3stolni. Az \u00c9telkorz\u00f3 szerd\u00e1ig v\u00e1rja a vend\u00e9geket minden este h\u00e9t \u00f3r\u00e1t\u00f3l olyan szt\u00e1rokkal, mint G\u00e1sp\u00e1r L\u00e1szl\u00f3, Janics\u00e1k Veca, Cozombolis \u00e9s Varga Mikl\u00f3s.    &#8221;<br \/>\n<div style=\"width: 640px;\" class=\"wp-video\"><!--[if lt IE 9]><script>document.createElement('video');<\/script><![endif]-->\n<video class=\"wp-video-shortcode\" id=\"video-25857-1\" width=\"640\" height=\"360\" preload=\"metadata\" controls=\"controls\"><source type=\"video\/mp4\" src=\"\/spots\/hir\/hir_110814_04.mp4?_=1\" \/><a href=\"\/spots\/hir\/hir_110814_04.mp4\">\/spots\/hir\/hir_110814_04.mp4<\/a><\/video><\/div><\/p>\n","protected":false},"excerpt":{"rendered":"<p>A Tisza-parti Ny\u00e1r ut\u00e1n nem maradt sok\u00e1ig \u00fcresen a Tiszai haj\u00f3sok tere. Szombaton ugyanis elkezd\u0151d\u00f6tt az \u00c9telkorz\u00f3. A sz\u00f3rakoztat\u00f3 programok mellett id\u00e9n n\u00e9gy \u00e9tterem v\u00e1rja k\u00fcl\u00f6nlegess\u00e9gekkel az \u00ednyenceket.rn Mazsorettek m\u0171sor\u00e1val kezd\u0151d\u00f6tt az idei \u00c9telkorz\u00f3 szombaton este a Tiszai haj\u00f3sok ter\u00e9n. A szemerk\u00e9l\u0151 es\u0151 nem szegte kedv\u00e9t a falatozni \u00e9s sz\u00f3rakozni v\u00e1gy\u00f3 k\u00f6z\u00f6ns\u00e9gnek, m\u00e1r a nyit\u00f3 [&hellip;]<\/p>\n","protected":false},"author":2,"featured_media":0,"comment_status":"open","ping_status":"open","sticky":false,"template":"","format":"standard","meta":[],"categories":[21],"tags":[],"_links":{"self":[{"href":"http:\/\/archiv.szolnoktv.hu\/index.php?rest_route=\/wp\/v2\/posts\/25857"}],"collection":[{"href":"http:\/\/archiv.szolnoktv.hu\/index.php?rest_route=\/wp\/v2\/posts"}],"about":[{"href":"http:\/\/archiv.szolnoktv.hu\/index.php?rest_route=\/wp\/v2\/types\/post"}],"author":[{"embeddable":true,"href":"http:\/\/archiv.szolnoktv.hu\/index.php?rest_route=\/wp\/v2\/users\/2"}],"replies":[{"embeddable":true,"href":"http:\/\/archiv.szolnoktv.hu\/index.php?rest_route=%2Fwp%2Fv2%2Fcomments&post=25857"}],"version-history":[{"count":1,"href":"http:\/\/archiv.szolnoktv.hu\/index.php?rest_route=\/wp\/v2\/posts\/25857\/revisions"}],"predecessor-version":[{"id":25992,"href":"http:\/\/archiv.szolnoktv.hu\/index.php?rest_route=\/wp\/v2\/posts\/25857\/revisions\/25992"}],"wp:attachment":[{"href":"http:\/\/archiv.szolnoktv.hu\/index.php?rest_route=%2Fwp%2Fv2%2Fmedia&parent=25857"}],"wp:term":[{"taxonomy":"category","embeddable":true,"href":"http:\/\/archiv.szolnoktv.hu\/index.php?rest_route=%2Fwp%2Fv2%2Fcategories&post=25857"},{"taxonomy":"post_tag","embeddable":true,"href":"http:\/\/archiv.szolnoktv.hu\/index.php?rest_route=%2Fwp%2Fv2%2Ftags&post=25857"}],"curies":[{"name":"wp","href":"https:\/\/api.w.org\/{rel}","templated":true}]}}