{"id":25856,"date":"2011-08-12T17:21:57","date_gmt":"2011-08-12T17:21:57","guid":{"rendered":"http:\/\/archiv.szolnoktv.hu\/?p=25856"},"modified":"2021-10-28T17:31:38","modified_gmt":"2021-10-28T17:31:38","slug":"uj-kiallitasra-keszul-a-szolnoki-galeria","status":"publish","type":"post","link":"http:\/\/archiv.szolnoktv.hu\/?p=25856","title":{"rendered":"\u00daj ki\u00e1ll\u00edt\u00e1sra k\u00e9sz\u00fcl a Szolnoki Gal\u00e9ria"},"content":{"rendered":"<div class='booster-block booster-read-block'><\/div><p>Ferency K\u00e1roly, Csontv\u00e1ry, Szinyei Merse, Gul\u00e1csy Lajos. T\u00f6bbek k\u00f6z\u00f6tt ilyen h\u00edres m\u0171v\u00e9szek alkot\u00e1sai \u00e9rkeztek Szolnokra a Gal\u00e9ria \u00faj ki\u00e1ll\u00edt\u00e1s\u00e1ra. A mag\u00e1ngy\u0171jtem\u00e9nyb\u0151l sz\u00e1rmaz\u00f3 anyag az \u00e1lmok, mes\u00e9k \u00e9s m\u00edtoszok vil\u00e1g\u00e1ba kalauzolja majd a l\u00e1togat\u00f3kat.<br \/>\n<br \/> Szolnokon a t\u00e1rlatok eddig t\u00f6bbnyire \u00e9letm\u0171veket, korszakokat mutattak be. Zsolnay L\u00e1szl\u00f3 m\u0171v\u00e9szett\u00f6rt\u00e9n\u00e9sz elmondta: most az \u00e1lmok, mes\u00e9k, m\u00edtoszok fel\u00e9 mozdultak el, mivel az embernek van egy t\u00f6bb t\u00edzezer \u00e9ves vizu\u00e1lis kult\u00far\u00e1ja, ami a mai vil\u00e1gban elfeledett. Altamir\u00e1ban 20-25 ezer \u00e9vvel ezel\u0151tt festettek a barlangfalakra, \u00e9s mindenki pontosan \u00e9rtette a rajzok jelent\u00e9s\u00e9t, a mai ember azonban az \u0151seinek vizu\u00e1lis, kultur\u00e1lis vil\u00e1g\u00e1b\u00f3l semmit sem \u00e9rt. A m\u0171v\u00e9szek ellenben vissza-visszany\u00falnak a r\u00e9gi korok fel\u00e9, hiszen keresik a gy\u00f6kereiket \u00e9s azt a vil\u00e1got, amikor m\u00e9g az istenek a f\u00f6ld\u00f6n j\u00e1rtak, amikor m\u00e9g szakr\u00e1lis volt a m\u0171v\u00e9szet \u00e9s nem arra szolg\u00e1lt, hogy az eb\u00e9dl\u0151nkbe kitegy\u00fck &#8211; hangs\u00falyozta Zsolnay L\u00e1szl\u00f3. A vizu\u00e1lis m\u0171v\u00e9szet, a t\u00e1rgyi k\u00e9palkot\u00e1s mindig c\u00e9lokat szolg\u00e1lt, valaminek az \u00e9rdek\u00e9ben k\u00e9sz\u00fclt \u00e9s ez j\u00f3l \u00e9rtelmezhet\u0151 volt a n\u00e9z\u0151k sz\u00e1m\u00e1ra. A r\u00e9gi korok t\u00e1rgyai \u00e9s a modern m\u0171v\u00e9szet seg\u00edts\u00e9g\u00e9vel most megpr\u00f3b\u00e1lj\u00e1k visszavezetni az embereket abba az \u0151si civiliz\u00e1ci\u00f3s k\u00f6rnyezetbe, amikor m\u00e9g mindenki \u00e9rtette az alkot\u00e1sok bels\u0151 tartalm\u00e1t. A vizu\u00e1lis \u00e9lm\u00e9nyen k\u00edv\u00fcl egy szellemi kalandra is h\u00edvj\u00e1k a l\u00e1togat\u00f3kat, mert a t\u00e1rlat nem csak n\u00e9zhet\u0151, hanem meg\u00e9rthet\u0151. Az anyagot dr. Antal P\u00e9ter mag\u00e1ngy\u0171jtem\u00e9ny\u00e9b\u0151l v\u00e1logatt\u00e1k ki.  Az \u00c1lmok, mes\u00e9k, m\u00edtoszok c\u00edm\u0171 ki\u00e1ll\u00edt\u00e1s augusztus 18-\u00e1n d\u00e9lut\u00e1n 4 \u00f3rakor ny\u00edlik a Gal\u00e9ri\u00e1ban.<br \/>\n<div style=\"width: 640px;\" class=\"wp-video\"><!--[if lt IE 9]><script>document.createElement('video');<\/script><![endif]-->\n<video class=\"wp-video-shortcode\" id=\"video-25856-1\" width=\"640\" height=\"360\" preload=\"metadata\" controls=\"controls\"><source type=\"video\/mp4\" src=\"\/spots\/hir\/hir_110812_02.mp4?_=1\" \/><a href=\"\/spots\/hir\/hir_110812_02.mp4\">\/spots\/hir\/hir_110812_02.mp4<\/a><\/video><\/div><\/p>\n","protected":false},"excerpt":{"rendered":"<p>Ferency K\u00e1roly, Csontv\u00e1ry, Szinyei Merse, Gul\u00e1csy Lajos. T\u00f6bbek k\u00f6z\u00f6tt ilyen h\u00edres m\u0171v\u00e9szek alkot\u00e1sai \u00e9rkeztek Szolnokra a Gal\u00e9ria \u00faj ki\u00e1ll\u00edt\u00e1s\u00e1ra. A mag\u00e1ngy\u0171jtem\u00e9nyb\u0151l sz\u00e1rmaz\u00f3 anyag az \u00e1lmok, mes\u00e9k \u00e9s m\u00edtoszok vil\u00e1g\u00e1ba kalauzolja majd a l\u00e1togat\u00f3kat. Szolnokon a t\u00e1rlatok eddig t\u00f6bbnyire \u00e9letm\u0171veket, korszakokat mutattak be. Zsolnay L\u00e1szl\u00f3 m\u0171v\u00e9szett\u00f6rt\u00e9n\u00e9sz elmondta: most az \u00e1lmok, mes\u00e9k, m\u00edtoszok fel\u00e9 mozdultak el, mivel [&hellip;]<\/p>\n","protected":false},"author":2,"featured_media":0,"comment_status":"open","ping_status":"open","sticky":false,"template":"","format":"standard","meta":[],"categories":[21],"tags":[],"_links":{"self":[{"href":"http:\/\/archiv.szolnoktv.hu\/index.php?rest_route=\/wp\/v2\/posts\/25856"}],"collection":[{"href":"http:\/\/archiv.szolnoktv.hu\/index.php?rest_route=\/wp\/v2\/posts"}],"about":[{"href":"http:\/\/archiv.szolnoktv.hu\/index.php?rest_route=\/wp\/v2\/types\/post"}],"author":[{"embeddable":true,"href":"http:\/\/archiv.szolnoktv.hu\/index.php?rest_route=\/wp\/v2\/users\/2"}],"replies":[{"embeddable":true,"href":"http:\/\/archiv.szolnoktv.hu\/index.php?rest_route=%2Fwp%2Fv2%2Fcomments&post=25856"}],"version-history":[{"count":1,"href":"http:\/\/archiv.szolnoktv.hu\/index.php?rest_route=\/wp\/v2\/posts\/25856\/revisions"}],"predecessor-version":[{"id":25993,"href":"http:\/\/archiv.szolnoktv.hu\/index.php?rest_route=\/wp\/v2\/posts\/25856\/revisions\/25993"}],"wp:attachment":[{"href":"http:\/\/archiv.szolnoktv.hu\/index.php?rest_route=%2Fwp%2Fv2%2Fmedia&parent=25856"}],"wp:term":[{"taxonomy":"category","embeddable":true,"href":"http:\/\/archiv.szolnoktv.hu\/index.php?rest_route=%2Fwp%2Fv2%2Fcategories&post=25856"},{"taxonomy":"post_tag","embeddable":true,"href":"http:\/\/archiv.szolnoktv.hu\/index.php?rest_route=%2Fwp%2Fv2%2Ftags&post=25856"}],"curies":[{"name":"wp","href":"https:\/\/api.w.org\/{rel}","templated":true}]}}