{"id":25854,"date":"2011-08-12T15:36:15","date_gmt":"2011-08-12T15:36:15","guid":{"rendered":"http:\/\/archiv.szolnoktv.hu\/?p=25854"},"modified":"2021-10-28T17:31:38","modified_gmt":"2021-10-28T17:31:38","slug":"90-es-95-eves-nenit-koszontottek","status":"publish","type":"post","link":"http:\/\/archiv.szolnoktv.hu\/?p=25854","title":{"rendered":"90 \u00e9s 95 \u00e9ves n\u00e9nit k\u00f6sz\u00f6nt\u00f6ttek"},"content":{"rendered":"<div class='booster-block booster-read-block'><\/div><p>A v\u00e1rosban \u00e9l\u0151 id\u0151s emberek olyan \u00e9rt\u00e9ket k\u00e9pviselnek, melyet meg kell becs\u00fclni. A v\u00e1ros vezet\u00e9se egy 90 \u00e9s egy 95 esztend\u0151s h\u00f6lgyet k\u00f6sz\u00f6nthetett  ma sz\u00fclet\u00e9snapj\u00e1n.<br \/>\n<br \/> A Sz\u00e9chenyi lak\u00f3telepen \u00e9l\u0151 90 esztend\u0151s Nagy Julianna k\u00f6nnyekig meghat\u00f3dott a mini koncert \u00e9s a torta l\u00e1tt\u00e1n. El\u00e1rulta: soha \u00e9let\u00e9ben nem kapott m\u00e9g tort\u00e1t. Kem\u00e9ny \u00e9lete volt, magas kor\u00e1t, sz\u00edv\u00f3ss\u00e1g\u00e1t  is  a k\u00fczd\u00e9snek tulajdon\u00edtja. Mar\u00e9kszed\u0151 volt gyermekkor\u00e1ban, majd csel\u00e9dnek \u00e1llt. F\u0151z\u00f6tt Kar\u00e1di Katalinnak, J\u00e1vor P\u00e1lnak, Szeleczki Zit\u00e1nak. Eml\u00e9kszik a h\u00e1zi parasztkoszt volt a kedvenc\u00fck, k\u00f6zt\u00fck is a bableves \u00e9s a babf\u0151zel\u00e9k. Julika n\u00e9nit szomsz\u00e9dai, ismer\u0151sei gondozz\u00e1k, a jegyz\u0151 mellett \u0151k k\u00f6sz\u00f6nt\u00f6tt\u00e9k f\u00f6l. rnA 95 \u00e9ves Moln\u00e1r B\u00e9l\u00e1n\u00e9 Szid\u00f3nia n\u00e9ni Kossuth t\u00e9ri lak\u00e1s\u00e1nak  ajtaj\u00e1ban fogadott benn\u00fcnket. Nap-mint nap f\u0151z, s\u0151t a piacra is rendszeresen lej\u00e1r  v\u00e1s\u00e1rolni. Azt mondja nagyon fordult  a vil\u00e1g a k\u00f6zel egy \u00e9vsz\u00e1zad alatt. . Szellemi frissess\u00e9g\u00e9t az olvas\u00e1snak \u00e9s a rejtv\u00e9nyfejt\u00e9snek  k\u00f6sz\u00f6nheti. rnMindk\u00e9t sz\u00e9pkor\u00fa vir\u00e1got \u00e9s a minisztereln\u00f6k k\u00e9zjegy\u00e9vel ell\u00e1tott eml\u00e9klapot kapott.<br \/>\n<div style=\"width: 640px;\" class=\"wp-video\"><!--[if lt IE 9]><script>document.createElement('video');<\/script><![endif]-->\n<video class=\"wp-video-shortcode\" id=\"video-25854-1\" width=\"640\" height=\"360\" preload=\"metadata\" controls=\"controls\"><source type=\"video\/mp4\" src=\"\/spots\/hir\/hir_110812_01.mp4?_=1\" \/><a href=\"\/spots\/hir\/hir_110812_01.mp4\">\/spots\/hir\/hir_110812_01.mp4<\/a><\/video><\/div><\/p>\n","protected":false},"excerpt":{"rendered":"<p>A v\u00e1rosban \u00e9l\u0151 id\u0151s emberek olyan \u00e9rt\u00e9ket k\u00e9pviselnek, melyet meg kell becs\u00fclni. A v\u00e1ros vezet\u00e9se egy 90 \u00e9s egy 95 esztend\u0151s h\u00f6lgyet k\u00f6sz\u00f6nthetett ma sz\u00fclet\u00e9snapj\u00e1n. A Sz\u00e9chenyi lak\u00f3telepen \u00e9l\u0151 90 esztend\u0151s Nagy Julianna k\u00f6nnyekig meghat\u00f3dott a mini koncert \u00e9s a torta l\u00e1tt\u00e1n. El\u00e1rulta: soha \u00e9let\u00e9ben nem kapott m\u00e9g tort\u00e1t. Kem\u00e9ny \u00e9lete volt, magas kor\u00e1t, sz\u00edv\u00f3ss\u00e1g\u00e1t [&hellip;]<\/p>\n","protected":false},"author":2,"featured_media":0,"comment_status":"open","ping_status":"open","sticky":false,"template":"","format":"standard","meta":[],"categories":[21],"tags":[],"_links":{"self":[{"href":"http:\/\/archiv.szolnoktv.hu\/index.php?rest_route=\/wp\/v2\/posts\/25854"}],"collection":[{"href":"http:\/\/archiv.szolnoktv.hu\/index.php?rest_route=\/wp\/v2\/posts"}],"about":[{"href":"http:\/\/archiv.szolnoktv.hu\/index.php?rest_route=\/wp\/v2\/types\/post"}],"author":[{"embeddable":true,"href":"http:\/\/archiv.szolnoktv.hu\/index.php?rest_route=\/wp\/v2\/users\/2"}],"replies":[{"embeddable":true,"href":"http:\/\/archiv.szolnoktv.hu\/index.php?rest_route=%2Fwp%2Fv2%2Fcomments&post=25854"}],"version-history":[{"count":1,"href":"http:\/\/archiv.szolnoktv.hu\/index.php?rest_route=\/wp\/v2\/posts\/25854\/revisions"}],"predecessor-version":[{"id":25995,"href":"http:\/\/archiv.szolnoktv.hu\/index.php?rest_route=\/wp\/v2\/posts\/25854\/revisions\/25995"}],"wp:attachment":[{"href":"http:\/\/archiv.szolnoktv.hu\/index.php?rest_route=%2Fwp%2Fv2%2Fmedia&parent=25854"}],"wp:term":[{"taxonomy":"category","embeddable":true,"href":"http:\/\/archiv.szolnoktv.hu\/index.php?rest_route=%2Fwp%2Fv2%2Fcategories&post=25854"},{"taxonomy":"post_tag","embeddable":true,"href":"http:\/\/archiv.szolnoktv.hu\/index.php?rest_route=%2Fwp%2Fv2%2Ftags&post=25854"}],"curies":[{"name":"wp","href":"https:\/\/api.w.org\/{rel}","templated":true}]}}