{"id":25852,"date":"2011-08-11T17:59:50","date_gmt":"2011-08-11T17:59:50","guid":{"rendered":"http:\/\/archiv.szolnoktv.hu\/?p=25852"},"modified":"2021-10-28T17:31:38","modified_gmt":"2021-10-28T17:31:38","slug":"szolnok-tul-messze-van","status":"publish","type":"post","link":"http:\/\/archiv.szolnoktv.hu\/?p=25852","title":{"rendered":"Szolnok t\u00fal messze van"},"content":{"rendered":"<div class='booster-block booster-read-block'><\/div><p>Megold\u00f3dott a nagyk\u00f6r\u0171i csal\u00e1dok gyermekelhelyez\u00e9si gondja. A polg\u00e1rmesteri hivatal el\u0151tt nemr\u00e9g m\u00e9g r\u00e9g\u00e9szek dolgoztak, ma viszont m\u00e1r \u00e1ll az \u00faj b\u00f6lcs\u0151de \u00e9p\u00fclet.<br \/>\n<br \/>M\u00e1r a honfoglal\u00f3k is megvetett\u00e9k l\u00e1bukat a mai Nagyk\u00f6r\u0171 k\u00f6zpontj\u00e1ban. A polg\u00e1rmesteri hivatal el\u0151tti bolygatatlan ter\u00fcletre az \u00f6nkorm\u00e1nyzat b\u00f6lcs\u0151d\u00e9t tervezett, \u00e1m az alap\u00e1s\u00e1s sor\u00e1n s\u00edrok bukkantak a felsz\u00ednre. Az \u0151s\u00f6k nyughely\u00e9n ma m\u00e1r egy form\u00e1s \u00e9p\u00fclet \u00e1ll. B\u00f6lcs\u0151de, mely gener\u00e1ci\u00f3k tucatjai ut\u00e1n a b\u00fcszke ut\u00f3dok els\u0151 l\u00e9p\u00e9seit seg\u00edti majd. Az \u00c9szak- Alf\u00f6ldi Region\u00e1lis Operat\u00edv Program keret\u00e9ben nyert p\u00e9nzb\u0151l az \u00f6nkorm\u00e1nyzat egy val\u00f3ban helyi, Nagyk\u00f6r\u0171 jellegzetess\u00e9geit visel\u0151 \u00e9p\u00fcletet \u00e1lmodott meg. A jelek szerint az elk\u00e9pzel\u00e9st siker koron\u00e1zta. A b\u00f6lcs\u0151de k\u00f6z\u00f6ss\u00e9gi helyis\u00e9g\u00e9nek tet\u0151szerkezet\u00e9t egy eredeti cseresznyefa oszlop tartja-jelezve, hogy az \u00e9p\u00fclet az \u201corsz\u00e1g csereszny\u00e9skertj\u00e9nek\u201e legifjabb lak\u00f3it szolg\u00e1lja. A  berendez\u00e9si t\u00e1rgyai hamarosan meg\u00e9rkeznek. B\u00e1r m\u00e9g nincs r\u00e1 sz\u00fcks\u00e9g, a pr\u00f3baf\u0171t\u00e9st is elv\u00e9gezt\u00e9k. A meleget egy saj\u00e1t nyersanyaggal \u00fczemel\u0151 pelletkaz\u00e1n biztos\u00edtja. Az \u00f6nell\u00e1t\u00f3 f\u0171t\u00e9si rendszer bevezet\u00e9s\u00e9ben egy\u00e9bk\u00e9nt Nagyk\u00f6r\u00fc \u00e9len j\u00e1r, hiszen az \u00f6nkorm\u00e1nyzati int\u00e9zm\u00e9nyek is fel vannak szerelve hasonl\u00f3 kaz\u00e1nnal.     A \u201cCseresznyemag b\u00f6lcs\u0151de\u201e legk\u00e9s\u0151bb novemberben m\u00e1r fogadja a gyerekeket.<br \/>\n<div style=\"width: 640px;\" class=\"wp-video\"><!--[if lt IE 9]><script>document.createElement('video');<\/script><![endif]-->\n<video class=\"wp-video-shortcode\" id=\"video-25852-1\" width=\"640\" height=\"360\" preload=\"metadata\" controls=\"controls\"><source type=\"video\/mp4\" src=\"\/spots\/hir\/hir_110811_04.mp4?_=1\" \/><a href=\"\/spots\/hir\/hir_110811_04.mp4\">\/spots\/hir\/hir_110811_04.mp4<\/a><\/video><\/div><\/p>\n","protected":false},"excerpt":{"rendered":"<p>Megold\u00f3dott a nagyk\u00f6r\u0171i csal\u00e1dok gyermekelhelyez\u00e9si gondja. A polg\u00e1rmesteri hivatal el\u0151tt nemr\u00e9g m\u00e9g r\u00e9g\u00e9szek dolgoztak, ma viszont m\u00e1r \u00e1ll az \u00faj b\u00f6lcs\u0151de \u00e9p\u00fclet. M\u00e1r a honfoglal\u00f3k is megvetett\u00e9k l\u00e1bukat a mai Nagyk\u00f6r\u0171 k\u00f6zpontj\u00e1ban. A polg\u00e1rmesteri hivatal el\u0151tti bolygatatlan ter\u00fcletre az \u00f6nkorm\u00e1nyzat b\u00f6lcs\u0151d\u00e9t tervezett, \u00e1m az alap\u00e1s\u00e1s sor\u00e1n s\u00edrok bukkantak a felsz\u00ednre. Az \u0151s\u00f6k nyughely\u00e9n ma m\u00e1r [&hellip;]<\/p>\n","protected":false},"author":2,"featured_media":0,"comment_status":"open","ping_status":"open","sticky":false,"template":"","format":"standard","meta":[],"categories":[21],"tags":[],"_links":{"self":[{"href":"http:\/\/archiv.szolnoktv.hu\/index.php?rest_route=\/wp\/v2\/posts\/25852"}],"collection":[{"href":"http:\/\/archiv.szolnoktv.hu\/index.php?rest_route=\/wp\/v2\/posts"}],"about":[{"href":"http:\/\/archiv.szolnoktv.hu\/index.php?rest_route=\/wp\/v2\/types\/post"}],"author":[{"embeddable":true,"href":"http:\/\/archiv.szolnoktv.hu\/index.php?rest_route=\/wp\/v2\/users\/2"}],"replies":[{"embeddable":true,"href":"http:\/\/archiv.szolnoktv.hu\/index.php?rest_route=%2Fwp%2Fv2%2Fcomments&post=25852"}],"version-history":[{"count":1,"href":"http:\/\/archiv.szolnoktv.hu\/index.php?rest_route=\/wp\/v2\/posts\/25852\/revisions"}],"predecessor-version":[{"id":25997,"href":"http:\/\/archiv.szolnoktv.hu\/index.php?rest_route=\/wp\/v2\/posts\/25852\/revisions\/25997"}],"wp:attachment":[{"href":"http:\/\/archiv.szolnoktv.hu\/index.php?rest_route=%2Fwp%2Fv2%2Fmedia&parent=25852"}],"wp:term":[{"taxonomy":"category","embeddable":true,"href":"http:\/\/archiv.szolnoktv.hu\/index.php?rest_route=%2Fwp%2Fv2%2Fcategories&post=25852"},{"taxonomy":"post_tag","embeddable":true,"href":"http:\/\/archiv.szolnoktv.hu\/index.php?rest_route=%2Fwp%2Fv2%2Ftags&post=25852"}],"curies":[{"name":"wp","href":"https:\/\/api.w.org\/{rel}","templated":true}]}}