{"id":25851,"date":"2011-08-11T16:53:22","date_gmt":"2011-08-11T16:53:22","guid":{"rendered":"http:\/\/archiv.szolnoktv.hu\/?p=25851"},"modified":"2021-10-28T17:31:38","modified_gmt":"2021-10-28T17:31:38","slug":"napi-8-10-tonnanyi-apritek-szolgaltatja-a-meleg-vizet","status":"publish","type":"post","link":"http:\/\/archiv.szolnoktv.hu\/?p=25851","title":{"rendered":"Napi 8-10 tonn\u00e1nyi apr\u00edt\u00e9k szolg\u00e1ltatja a meleg vizet"},"content":{"rendered":"<div class='booster-block booster-read-block'><\/div><p>Meleg v\u00edz &#8211; faapr\u00edt\u00e9kb\u00f3l. A ny\u00e1ri h\u00f3napok alatt az Alfa-Nova Kft. biomassza-kaz\u00e1nja szolg\u00e1ltatja a f\u00fcrd\u00e9shez, mos\u00e1shoz \u00e9s mosogat\u00e1shoz sz\u00fcks\u00e9ges vizet a fogyaszt\u00f3knak.rn<br \/>\nBerendez\u00e9s \u00fczemben &#8211; olvashatjuk az Alfa-Nova Kft. biomassza-kaz\u00e1nj\u00e1nak kezel\u0151fel\u00fclet\u00e9n. J\u00falius 1-t\u0151l v\u00e1ltoztak a jogszab\u00e1lyok, a g\u00e1zzal kapcsolt termel\u00e9ssel meg kellett \u00e1llniuk, \u00edgy most kiz\u00e1r\u00f3lag a biomassza-kaz\u00e1n szolg\u00e1ltatja a fogyaszt\u00f3knak a meleg vizet. M\u0171k\u00f6d\u00e9s\u00e9hez az erd\u0151gazd\u00e1lkod\u00e1s mell\u00e9kterm\u00e9k\u00e9t haszn\u00e1lj\u00e1k fel. Horv\u00e1th Istv\u00e1n, az Alfa-Nova Kft. ter\u00fcleti igazgat\u00f3ja elmondta: nagyon fontos t\u00e9nyez\u0151 a t\u00fczel\u0151anyag beszerz\u00e9se \u00e9s el\u0151\u00e1ll\u00edt\u00e1sa, mindk\u00e9t tev\u00e9kenys\u00e9ggel foglalkoznak; r\u00e9szben pr\u00f3b\u00e1lj\u00e1k saj\u00e1t \u00fcltetv\u00e9nyeken el\u0151\u00e1ll\u00edtani apr\u00edt\u00e9kot, m\u00e1sr\u00e9szt Szolnok k\u00f6rzet\u00e9ben m\u0171k\u00f6d\u0151 partnerekkel k\u00f6t\u00f6ttek szerz\u0151d\u00e9st a faapr\u00edt\u00e9k besz\u00e1ll\u00edt\u00e1s\u00e1ra, pl. a Nefag Zrt-vel. A fa m\u00e1r apr\u00edtott, vagy r\u00f6nk form\u00e1j\u00e1ban \u00e9rkezik. Az apr\u00edtottat folyamatosan sz\u00e1ll\u00edtj\u00e1k, a r\u00f6nk\u00f6ket pedig a f\u0171t\u00e9si id\u00e9ny kezdet\u00e9ig t\u00e1rolj\u00e1k, majd felapr\u00edtj\u00e1k. A t\u00fczel\u0151anyagb\u00f3l f\u0171t\u00e9si id\u00e9nyben 20 tonn\u00e1nyit haszn\u00e1lnak fel naponta, ny\u00e1ron azonban csak 8-10-et. V\u00e1rhat\u00f3an \u0151sszel j\u00f6n ki majd az \u00faj rendelet arr\u00f3l, hogy a kapcsolt termel\u00e9snek milyen lesz az \u00faj \u00e1tv\u00e9teli rendszere, \u00e9s ennek f\u00fcggv\u00e9ny\u00e9ben m\u0171k\u00f6dhetnek \u00fajb\u00f3l a g\u00e1zkaz\u00e1nokkal.<br \/>\n<div style=\"width: 640px;\" class=\"wp-video\"><!--[if lt IE 9]><script>document.createElement('video');<\/script><![endif]-->\n<video class=\"wp-video-shortcode\" id=\"video-25851-1\" width=\"640\" height=\"360\" preload=\"metadata\" controls=\"controls\"><source type=\"video\/mp4\" src=\"\/spots\/hir\/hir_110811_03.mp4?_=1\" \/><a href=\"\/spots\/hir\/hir_110811_03.mp4\">\/spots\/hir\/hir_110811_03.mp4<\/a><\/video><\/div><\/p>\n","protected":false},"excerpt":{"rendered":"<p>Meleg v\u00edz &#8211; faapr\u00edt\u00e9kb\u00f3l. A ny\u00e1ri h\u00f3napok alatt az Alfa-Nova Kft. biomassza-kaz\u00e1nja szolg\u00e1ltatja a f\u00fcrd\u00e9shez, mos\u00e1shoz \u00e9s mosogat\u00e1shoz sz\u00fcks\u00e9ges vizet a fogyaszt\u00f3knak.rn Berendez\u00e9s \u00fczemben &#8211; olvashatjuk az Alfa-Nova Kft. biomassza-kaz\u00e1nj\u00e1nak kezel\u0151fel\u00fclet\u00e9n. J\u00falius 1-t\u0151l v\u00e1ltoztak a jogszab\u00e1lyok, a g\u00e1zzal kapcsolt termel\u00e9ssel meg kellett \u00e1llniuk, \u00edgy most kiz\u00e1r\u00f3lag a biomassza-kaz\u00e1n szolg\u00e1ltatja a fogyaszt\u00f3knak a meleg vizet. M\u0171k\u00f6d\u00e9s\u00e9hez [&hellip;]<\/p>\n","protected":false},"author":2,"featured_media":0,"comment_status":"open","ping_status":"open","sticky":false,"template":"","format":"standard","meta":[],"categories":[21],"tags":[],"_links":{"self":[{"href":"http:\/\/archiv.szolnoktv.hu\/index.php?rest_route=\/wp\/v2\/posts\/25851"}],"collection":[{"href":"http:\/\/archiv.szolnoktv.hu\/index.php?rest_route=\/wp\/v2\/posts"}],"about":[{"href":"http:\/\/archiv.szolnoktv.hu\/index.php?rest_route=\/wp\/v2\/types\/post"}],"author":[{"embeddable":true,"href":"http:\/\/archiv.szolnoktv.hu\/index.php?rest_route=\/wp\/v2\/users\/2"}],"replies":[{"embeddable":true,"href":"http:\/\/archiv.szolnoktv.hu\/index.php?rest_route=%2Fwp%2Fv2%2Fcomments&post=25851"}],"version-history":[{"count":1,"href":"http:\/\/archiv.szolnoktv.hu\/index.php?rest_route=\/wp\/v2\/posts\/25851\/revisions"}],"predecessor-version":[{"id":25998,"href":"http:\/\/archiv.szolnoktv.hu\/index.php?rest_route=\/wp\/v2\/posts\/25851\/revisions\/25998"}],"wp:attachment":[{"href":"http:\/\/archiv.szolnoktv.hu\/index.php?rest_route=%2Fwp%2Fv2%2Fmedia&parent=25851"}],"wp:term":[{"taxonomy":"category","embeddable":true,"href":"http:\/\/archiv.szolnoktv.hu\/index.php?rest_route=%2Fwp%2Fv2%2Fcategories&post=25851"},{"taxonomy":"post_tag","embeddable":true,"href":"http:\/\/archiv.szolnoktv.hu\/index.php?rest_route=%2Fwp%2Fv2%2Ftags&post=25851"}],"curies":[{"name":"wp","href":"https:\/\/api.w.org\/{rel}","templated":true}]}}