{"id":25850,"date":"2011-08-11T14:52:31","date_gmt":"2011-08-11T14:52:31","guid":{"rendered":"http:\/\/archiv.szolnoktv.hu\/?p=25850"},"modified":"2021-10-28T17:31:38","modified_gmt":"2021-10-28T17:31:38","slug":"megsutjuk-a-nemzet-kenyeret-2","status":"publish","type":"post","link":"http:\/\/archiv.szolnoktv.hu\/?p=25850","title":{"rendered":"Megs\u00fctj\u00fck a Nemzet kenyer\u00e9t"},"content":{"rendered":"<div class='booster-block booster-read-block'><\/div><p>Szent Istv\u00e1n napj\u00e1ra elk\u00e9sz\u00fcl a Nemzet kenyere a Szolnok Telev\u00edzi\u00f3 szervez\u00e9s\u00e9ben. Az \u00f3ri\u00e1skeny\u00e9r alf\u00f6ldi lisztb\u0151l, a h\u00edres sepsiszentgy\u00f6rgyi Di\u00f3szegi p\u00e9ks\u00e9gben k\u00e9sz\u00fcl, melyet b\u00e1rki megk\u00f3stolhat, aki augusztus 20-\u00e1n ell\u00e1togat a Szolnok Telev\u00edzi\u00f3 s\u00e1tr\u00e1hoz. A kezdem\u00e9nyez\u00e9s c\u00e9lja els\u0151sorban a nemzeti egys\u00e9g er\u0151s\u00edt\u00e9se.<br \/>\n<br \/>Sepsiszentgy\u00f6rgy\u00f6n k\u00e9sz\u00fcl a Nemzet Kenyere, telev\u00edzi\u00f3nk kezdem\u00e9nyez\u00e9s\u00e9re. Az \u00f3ri\u00e1skeny\u00e9r alf\u00f6ldi lisztb\u0151l k\u00e9sz\u00fcl, melyet a j\u00e1szber\u00e9nyi malomb\u00f3l sz\u00e1ll\u00edtunk majd H\u00e1romsz\u00e9k sz\u00e9kv\u00e1ros\u00e1ba. Sepsiszentgy\u00f6rgy\u00f6n ma is nagyon fontosnak tartj\u00e1k a magyars\u00e1g \u00f6sszetartoz\u00e1s\u00e1t \u00e9s a nemzeti egys\u00e9get, ez\u00e9rt \u00f6r\u00f6mmel fogadt\u00e1k hagyom\u00e1nyteremt\u0151 kezdem\u00e9nyez\u00e9s\u00fcnket.&#8221;Mi b\u00fcszke sz\u00e9kelyek vagyunk, de mindig arccal Budapest fel\u00e9 \u00e9lt\u00fcnk, sz\u00edv\u00fcnkkel, lelk\u00fcnkkel a k\u00e1rp\u00e1t medencei magyar egys\u00e9g h\u00edvei vagyunk. Ilyen szempontb\u00f3l azt hiszem ez egy j\u00f3 kezdem\u00e9nyez\u00e9s.&#8221;&#8221; -mondta Tam\u00e1s S\u00e1ndor, a Kov\u00e1szna megyei tan\u00e1cs eln\u00f6ke. A sepsiszentgy\u00f6rgyi Di\u00f3szegi p\u00e9ks\u00e9g pity\u00f3k\u00e1s kenyerei messze f\u00f6ld\u00f6n h\u00edresek. A krumpli hozz\u00e1ad\u00e1s\u00e1val k\u00e9sz\u00fclt kenyerek &#8211; a frencs\u00e1jz rendszer\u0171 bolth\u00e1l\u00f3zatnak k\u00f6sz\u00f6nhet\u0151en &#8211; Erd\u00e9ly sz\u00e1mtalan telep\u00fcl\u00e9s\u00e9re eljutnak. A csal\u00e1di, hagyom\u00e1ny\u0151rz\u0151 kis\u00fczem csaknem 180 embernek ad munk\u00e1t. Az \u00edzletes, kifog\u00e1stalan min\u0151s\u00e9g\u0171 sz\u00e9kely pity\u00f3k\u00e1s kenyereket a helyb\u00e9liek is nagyon kedvelik. Nemcsak finom, hanem tart\u00f3s is. Di\u00f3szegi L\u00e1szl\u00f3 Szent Gy\u00f6rgy napj\u00e1ra m\u00e1r s\u00fct\u00f6tt rekordkenyeret, mely nagy sikert aratott. A Nemzet kenyere azonban egy\u00fattal \u00fajabb rekordk\u00eds\u00e9rlet is lesz, mely meghaladja majd az \u00f6tven kil\u00f3t \u00e9s a legnagyobb egyben s\u00fct\u00f6tt, cip\u00f3form\u00e1j\u00fa keny\u00e9r lesz a vil\u00e1gon. \u00c1m a p\u00e9ks\u00e9gben nemcsak egy, hanem kett\u0151 keny\u00e9r is k\u00e9sz\u00fcl. Az egyiket Szolnokra sz\u00e1ll\u00edtjuk, a m\u00e1sik ott marad H\u00e1romsz\u00e9k f\u0151v\u00e1ros\u00e1ban. A kenyeret megszentelik, a v\u00e1rosvezet\u0151k pedig \u00fcnnep\u00e9lyes keretek k\u00f6zt megszegik. A Szolnok Telev\u00edzi\u00f3 \u00e9l\u0151ben k\u00f6zvet\u00edti majd az augusztus 20-i \u00fcnneps\u00e9get. A Szolnok Tv s\u00e1tr\u00e1n\u00e1l pedig mindenki eml\u00e9kszalv\u00e9t\u00e1n kap egy szeletet a Nemzet kenyer\u00e9b\u0151l. Szint\u00e9n Szent Istv\u00e1n napj\u00e1n megszervezz\u00fck hagyom\u00e1nyos keny\u00e9rs\u00fct\u0151 verseny\u00fcnket is, a legjobbakat \u00e9rt\u00e9kes nyerem\u00e9nyekkel jutalmazzuk. V\u00e1rhat\u00f3an Di\u00f3szegi L\u00e1szl\u00f3 \u00e9s magyarorsz\u00e1gi testv\u00e9rp\u00e9ks\u00e9g\u00fck, a Lip\u00f3ti p\u00e9ks\u00e9g vezet\u0151je, T\u00f3th P\u00e9ter is tagjai lesznek a zs\u0171rinek.    &#8221;<br \/>\n<div style=\"width: 640px;\" class=\"wp-video\"><!--[if lt IE 9]><script>document.createElement('video');<\/script><![endif]-->\n<video class=\"wp-video-shortcode\" id=\"video-25850-1\" width=\"640\" height=\"360\" preload=\"metadata\" controls=\"controls\"><source type=\"video\/mp4\" src=\"\/spots\/hir\/hir_110811_02.mp4?_=1\" \/><a href=\"\/spots\/hir\/hir_110811_02.mp4\">\/spots\/hir\/hir_110811_02.mp4<\/a><\/video><\/div><\/p>\n","protected":false},"excerpt":{"rendered":"<p>Szent Istv\u00e1n napj\u00e1ra elk\u00e9sz\u00fcl a Nemzet kenyere a Szolnok Telev\u00edzi\u00f3 szervez\u00e9s\u00e9ben. Az \u00f3ri\u00e1skeny\u00e9r alf\u00f6ldi lisztb\u0151l, a h\u00edres sepsiszentgy\u00f6rgyi Di\u00f3szegi p\u00e9ks\u00e9gben k\u00e9sz\u00fcl, melyet b\u00e1rki megk\u00f3stolhat, aki augusztus 20-\u00e1n ell\u00e1togat a Szolnok Telev\u00edzi\u00f3 s\u00e1tr\u00e1hoz. A kezdem\u00e9nyez\u00e9s c\u00e9lja els\u0151sorban a nemzeti egys\u00e9g er\u0151s\u00edt\u00e9se. Sepsiszentgy\u00f6rgy\u00f6n k\u00e9sz\u00fcl a Nemzet Kenyere, telev\u00edzi\u00f3nk kezdem\u00e9nyez\u00e9s\u00e9re. Az \u00f3ri\u00e1skeny\u00e9r alf\u00f6ldi lisztb\u0151l k\u00e9sz\u00fcl, melyet a j\u00e1szber\u00e9nyi [&hellip;]<\/p>\n","protected":false},"author":2,"featured_media":0,"comment_status":"open","ping_status":"open","sticky":false,"template":"","format":"standard","meta":[],"categories":[21],"tags":[],"_links":{"self":[{"href":"http:\/\/archiv.szolnoktv.hu\/index.php?rest_route=\/wp\/v2\/posts\/25850"}],"collection":[{"href":"http:\/\/archiv.szolnoktv.hu\/index.php?rest_route=\/wp\/v2\/posts"}],"about":[{"href":"http:\/\/archiv.szolnoktv.hu\/index.php?rest_route=\/wp\/v2\/types\/post"}],"author":[{"embeddable":true,"href":"http:\/\/archiv.szolnoktv.hu\/index.php?rest_route=\/wp\/v2\/users\/2"}],"replies":[{"embeddable":true,"href":"http:\/\/archiv.szolnoktv.hu\/index.php?rest_route=%2Fwp%2Fv2%2Fcomments&post=25850"}],"version-history":[{"count":1,"href":"http:\/\/archiv.szolnoktv.hu\/index.php?rest_route=\/wp\/v2\/posts\/25850\/revisions"}],"predecessor-version":[{"id":25999,"href":"http:\/\/archiv.szolnoktv.hu\/index.php?rest_route=\/wp\/v2\/posts\/25850\/revisions\/25999"}],"wp:attachment":[{"href":"http:\/\/archiv.szolnoktv.hu\/index.php?rest_route=%2Fwp%2Fv2%2Fmedia&parent=25850"}],"wp:term":[{"taxonomy":"category","embeddable":true,"href":"http:\/\/archiv.szolnoktv.hu\/index.php?rest_route=%2Fwp%2Fv2%2Fcategories&post=25850"},{"taxonomy":"post_tag","embeddable":true,"href":"http:\/\/archiv.szolnoktv.hu\/index.php?rest_route=%2Fwp%2Fv2%2Ftags&post=25850"}],"curies":[{"name":"wp","href":"https:\/\/api.w.org\/{rel}","templated":true}]}}