{"id":25849,"date":"2011-08-11T14:20:05","date_gmt":"2011-08-11T14:20:05","guid":{"rendered":"http:\/\/archiv.szolnoktv.hu\/?p=25849"},"modified":"2021-10-28T17:31:38","modified_gmt":"2021-10-28T17:31:38","slug":"megyei-szuroprogram","status":"publish","type":"post","link":"http:\/\/archiv.szolnoktv.hu\/?p=25849","title":{"rendered":"Megyei Sz\u0171r\u0151program"},"content":{"rendered":"<div class='booster-block booster-read-block'><\/div><p>A tervek szerint ez \u00e9v v\u00e9g\u00e9re, j\u00f6v\u0151 \u00e9v elej\u00e9re fejez\u0151dik be 13 megyei telep\u00fcl\u00e9sen az \u0151sszel indul\u00f3 sz\u0171r\u0151program-sorozat. Az akci\u00f3ra 9,5 milli\u00f3 forint t\u00e1mogat\u00e1st hagyott j\u00f3v\u00e1 a megyei \u00f6nkorm\u00e1nyzat.<br \/>\n<br \/>  3 \u00e9vvel ezel\u0151tt az ezer f\u0151 alatti l\u00e9leksz\u00e1m\u00fa telep\u00fcl\u00e9s\u00e9ken kezdte meg n\u00e9pszer\u0171 sz\u0171r\u0151program-sorozat\u00e1t a J\u00e1sz-Nagykun-Szolnok Megyei \u00d6nkorm\u00e1nyzat. Tavaly az 1500 lakos alatti, id\u00e9n pedig az 1500-2000 l\u00e9leksz\u00e1m\u00fa telep\u00fcl\u00e9seken folytat\u00f3dik a program. Az  \u00e1prilisi k\u00f6zgy\u0171l\u00e9sen d\u00f6nt\u00f6tt a test\u00fclet a folytat\u00e1sr\u00f3l, j\u00faniusban pedig az \u00e9rintett kistelep\u00fcl\u00e9sekkel \u00e9s a megyei k\u00f3rh\u00e1zzal  \u00edrt\u00e1k al\u00e1 az egy\u00fcttm\u0171k\u00f6d\u00e9si meg\u00e1llapod\u00e1sokat. Cs\u00e9pa, J\u00e1szboldogh\u00e1za, J\u00e1szfels\u0151szentgy\u00f6rgy, J\u00e1sztelek, K\u0151telek, Nagyk\u00f6r\u0171, Pusztamonostor, Tiszab\u0151, Tiszajen\u0151, Tiszaroff, Tiszasz\u0151l\u0151s, Tiszateny\u0151, Tiszav\u00e1rkony lakosai tal\u00e1lkozhatnak 1-1 h\u00e9ten \u00e1t a Het\u00e9nyi G\u00e9za Megyei k\u00f3rh\u00e1z Rendel\u0151int\u00e9zet\u00e9nek szakorvosaival \u00e9s szakszem\u00e9lyzet\u00e9vel.<br \/>\n<div style=\"width: 640px;\" class=\"wp-video\"><!--[if lt IE 9]><script>document.createElement('video');<\/script><![endif]-->\n<video class=\"wp-video-shortcode\" id=\"video-25849-1\" width=\"640\" height=\"360\" preload=\"metadata\" controls=\"controls\"><source type=\"video\/mp4\" src=\"\/spots\/hir\/hir_110811_01.mp4?_=1\" \/><a href=\"\/spots\/hir\/hir_110811_01.mp4\">\/spots\/hir\/hir_110811_01.mp4<\/a><\/video><\/div><\/p>\n","protected":false},"excerpt":{"rendered":"<p>A tervek szerint ez \u00e9v v\u00e9g\u00e9re, j\u00f6v\u0151 \u00e9v elej\u00e9re fejez\u0151dik be 13 megyei telep\u00fcl\u00e9sen az \u0151sszel indul\u00f3 sz\u0171r\u0151program-sorozat. Az akci\u00f3ra 9,5 milli\u00f3 forint t\u00e1mogat\u00e1st hagyott j\u00f3v\u00e1 a megyei \u00f6nkorm\u00e1nyzat. 3 \u00e9vvel ezel\u0151tt az ezer f\u0151 alatti l\u00e9leksz\u00e1m\u00fa telep\u00fcl\u00e9s\u00e9ken kezdte meg n\u00e9pszer\u0171 sz\u0171r\u0151program-sorozat\u00e1t a J\u00e1sz-Nagykun-Szolnok Megyei \u00d6nkorm\u00e1nyzat. Tavaly az 1500 lakos alatti, id\u00e9n pedig az 1500-2000 [&hellip;]<\/p>\n","protected":false},"author":2,"featured_media":0,"comment_status":"open","ping_status":"open","sticky":false,"template":"","format":"standard","meta":[],"categories":[21],"tags":[],"_links":{"self":[{"href":"http:\/\/archiv.szolnoktv.hu\/index.php?rest_route=\/wp\/v2\/posts\/25849"}],"collection":[{"href":"http:\/\/archiv.szolnoktv.hu\/index.php?rest_route=\/wp\/v2\/posts"}],"about":[{"href":"http:\/\/archiv.szolnoktv.hu\/index.php?rest_route=\/wp\/v2\/types\/post"}],"author":[{"embeddable":true,"href":"http:\/\/archiv.szolnoktv.hu\/index.php?rest_route=\/wp\/v2\/users\/2"}],"replies":[{"embeddable":true,"href":"http:\/\/archiv.szolnoktv.hu\/index.php?rest_route=%2Fwp%2Fv2%2Fcomments&post=25849"}],"version-history":[{"count":1,"href":"http:\/\/archiv.szolnoktv.hu\/index.php?rest_route=\/wp\/v2\/posts\/25849\/revisions"}],"predecessor-version":[{"id":26000,"href":"http:\/\/archiv.szolnoktv.hu\/index.php?rest_route=\/wp\/v2\/posts\/25849\/revisions\/26000"}],"wp:attachment":[{"href":"http:\/\/archiv.szolnoktv.hu\/index.php?rest_route=%2Fwp%2Fv2%2Fmedia&parent=25849"}],"wp:term":[{"taxonomy":"category","embeddable":true,"href":"http:\/\/archiv.szolnoktv.hu\/index.php?rest_route=%2Fwp%2Fv2%2Fcategories&post=25849"},{"taxonomy":"post_tag","embeddable":true,"href":"http:\/\/archiv.szolnoktv.hu\/index.php?rest_route=%2Fwp%2Fv2%2Ftags&post=25849"}],"curies":[{"name":"wp","href":"https:\/\/api.w.org\/{rel}","templated":true}]}}