{"id":25848,"date":"2011-08-10T17:17:09","date_gmt":"2011-08-10T17:17:09","guid":{"rendered":"http:\/\/archiv.szolnoktv.hu\/?p=25848"},"modified":"2021-10-28T17:31:38","modified_gmt":"2021-10-28T17:31:38","slug":"betoresek-szandan","status":"publish","type":"post","link":"http:\/\/archiv.szolnoktv.hu\/?p=25848","title":{"rendered":"Bet\u00f6r\u00e9sek Szand\u00e1n"},"content":{"rendered":"<div class='booster-block booster-read-block'><\/div><p>Felt\u00f6rt \u00f6lt\u00f6z\u0151k, kifosztott t\u00e1sk\u00e1k. Az elm\u00falt napokban egyre t\u00f6bb lop\u00e1st jelentenek be a strandol\u00f3k. Mint ahogy egyre gyakoribbak a lak\u00e1sfelt\u00f6r\u00e9sek is. Az ut\u00f3bbi k\u00e9t h\u00e9tben csak Szandasz\u0151l\u0151s\u00f6n \u00f6t lak\u00e1st raboltak ki.<br \/>\n<br \/> Az elm\u00falt k\u00e9t h\u00e9tben Szandasz\u0151l\u0151s\u00f6n megszaporodtak a bet\u00f6r\u00e9sek. A rend\u0151rs\u00e9g \u00e9ppen ez\u00e9rt gyakrabban j\u00e1r\u0151r\u00f6zik a v\u00e1rosr\u00e9szben. -Az elk\u00f6vet\u0151k v\u00e1ltoz\u00f3 id\u0151szakokban t\u00f6rnek be az ingatlanokba. Volt olyan, ahol csak felt\u00fart\u00e1k a helyis\u00e9geket, de nem vittek el semmit. Volt azonban, ahonnan jelent\u0151s k\u00e9szp\u00e9nzt, illetve aranyat vittek el.- mondta a sajt\u00f3sz\u00f3viv\u0151. Az esetek t\u00f6bbs\u00e9g\u00e9ben szinte hi\u00e1ba van sz\u00f6gesdr\u00f3t a ker\u00edt\u00e9sen, vagy lakat a kapun. Olykor a bet\u00f6r\u0151ket m\u00e9g az sem zavarja, hogy kutya \u0151rzi a h\u00e1zat. A tolvajok kedvelt helyei k\u00f6z\u00e9 tartoznak m\u00e9g a strandok, v\u00edzpartok. A Tisza-ligeti strandon kedden n\u00e9gy \u00f6lt\u00f6z\u0151kabint t\u00f6rtek fel, de rendszeresen fosztj\u00e1k ki az \u0151rizetlen\u00fcl hagyott t\u00e1sk\u00e1kat is. Legt\u00f6bbsz\u00f6r a mobilokat \u00e9s a p\u00e9nzt\u00e1rc\u00e1kat viszik el a t\u00e1sk\u00e1kb\u00f3l. A rend\u0151rs\u00e9g arra k\u00e9ri az embereket, mindenf\u00e9lek\u00e9ppen figyeljenek saj\u00e1t \u00e9rt\u00e9keikre.<br \/>\n<div style=\"width: 640px;\" class=\"wp-video\"><!--[if lt IE 9]><script>document.createElement('video');<\/script><![endif]-->\n<video class=\"wp-video-shortcode\" id=\"video-25848-1\" width=\"640\" height=\"360\" preload=\"metadata\" controls=\"controls\"><source type=\"video\/mp4\" src=\"\/spots\/hir\/hir_110810_03.mp4?_=1\" \/><a href=\"\/spots\/hir\/hir_110810_03.mp4\">\/spots\/hir\/hir_110810_03.mp4<\/a><\/video><\/div><\/p>\n","protected":false},"excerpt":{"rendered":"<p>Felt\u00f6rt \u00f6lt\u00f6z\u0151k, kifosztott t\u00e1sk\u00e1k. Az elm\u00falt napokban egyre t\u00f6bb lop\u00e1st jelentenek be a strandol\u00f3k. Mint ahogy egyre gyakoribbak a lak\u00e1sfelt\u00f6r\u00e9sek is. Az ut\u00f3bbi k\u00e9t h\u00e9tben csak Szandasz\u0151l\u0151s\u00f6n \u00f6t lak\u00e1st raboltak ki. Az elm\u00falt k\u00e9t h\u00e9tben Szandasz\u0151l\u0151s\u00f6n megszaporodtak a bet\u00f6r\u00e9sek. A rend\u0151rs\u00e9g \u00e9ppen ez\u00e9rt gyakrabban j\u00e1r\u0151r\u00f6zik a v\u00e1rosr\u00e9szben. -Az elk\u00f6vet\u0151k v\u00e1ltoz\u00f3 id\u0151szakokban t\u00f6rnek be az ingatlanokba. [&hellip;]<\/p>\n","protected":false},"author":2,"featured_media":0,"comment_status":"open","ping_status":"open","sticky":false,"template":"","format":"standard","meta":[],"categories":[21],"tags":[],"_links":{"self":[{"href":"http:\/\/archiv.szolnoktv.hu\/index.php?rest_route=\/wp\/v2\/posts\/25848"}],"collection":[{"href":"http:\/\/archiv.szolnoktv.hu\/index.php?rest_route=\/wp\/v2\/posts"}],"about":[{"href":"http:\/\/archiv.szolnoktv.hu\/index.php?rest_route=\/wp\/v2\/types\/post"}],"author":[{"embeddable":true,"href":"http:\/\/archiv.szolnoktv.hu\/index.php?rest_route=\/wp\/v2\/users\/2"}],"replies":[{"embeddable":true,"href":"http:\/\/archiv.szolnoktv.hu\/index.php?rest_route=%2Fwp%2Fv2%2Fcomments&post=25848"}],"version-history":[{"count":1,"href":"http:\/\/archiv.szolnoktv.hu\/index.php?rest_route=\/wp\/v2\/posts\/25848\/revisions"}],"predecessor-version":[{"id":26001,"href":"http:\/\/archiv.szolnoktv.hu\/index.php?rest_route=\/wp\/v2\/posts\/25848\/revisions\/26001"}],"wp:attachment":[{"href":"http:\/\/archiv.szolnoktv.hu\/index.php?rest_route=%2Fwp%2Fv2%2Fmedia&parent=25848"}],"wp:term":[{"taxonomy":"category","embeddable":true,"href":"http:\/\/archiv.szolnoktv.hu\/index.php?rest_route=%2Fwp%2Fv2%2Fcategories&post=25848"},{"taxonomy":"post_tag","embeddable":true,"href":"http:\/\/archiv.szolnoktv.hu\/index.php?rest_route=%2Fwp%2Fv2%2Ftags&post=25848"}],"curies":[{"name":"wp","href":"https:\/\/api.w.org\/{rel}","templated":true}]}}