{"id":25847,"date":"2011-08-10T16:49:31","date_gmt":"2011-08-10T16:49:31","guid":{"rendered":"http:\/\/archiv.szolnoktv.hu\/?p=25847"},"modified":"2021-10-28T17:31:39","modified_gmt":"2021-10-28T17:31:39","slug":"szekely-mesel-labbabbal","status":"publish","type":"post","link":"http:\/\/archiv.szolnoktv.hu\/?p=25847","title":{"rendered":"Sz\u00e9kely mes\u00e9l l\u00e1bb\u00e1bbal"},"content":{"rendered":"<div class='booster-block booster-read-block'><\/div><p>Sz\u00e9kely mes\u00e9ket hallgathattak a gyerekek d\u00e9lut\u00e1n a Hild Viktor V\u00e1rosi K\u00f6nyvt\u00e1rban. Az el\u0151ad\u00e1s k\u00fcl\u00f6nlegess\u00e9ge nemcsak az \u00edzes nyelvezet volt, hanem a k\u00fcl\u00f6nleges megjelen\u00edt\u00e9s is. Csernik Szende sz\u00e9kely mesemond\u00f3 ugyanis l\u00e1bb\u00e1bozott.<br \/>\n<br \/> A sz\u00e9kelyf\u00f6ldr\u0151l \u00e9rkezett mesemond\u00f3 elk\u00e1pr\u00e1ztatta a gyerekeket a Hild Viktor V\u00e1rosi K\u00f6nyvt\u00e1rban. Ehhez azonban el\u0151sz\u00f6r mesenyelvet kellett tanulni. Itt kider\u00fclt a meztelen csig\u00e1t ott m\u00e1sk\u00e9pp h\u00edvj\u00e1k.  Nagy \u00e9rdekl\u0151d\u00e9ssel \u00e9s izgalommal v\u00e1rt\u00e1k a gyerekek a Hild Viktor V\u00e1rosi K\u00f6nyvt\u00e1r mesenapj\u00e1t. Csernik Szende sz\u00e9kely mesemond\u00f3 \u00e9s l\u00e1bb\u00e1bos el\u0151ad\u00e1s\u00e1t t\u00e1tott sz\u00e1jjal n\u00e9zt\u00e9k a gyerekek.<br \/>\n<div style=\"width: 640px;\" class=\"wp-video\"><!--[if lt IE 9]><script>document.createElement('video');<\/script><![endif]-->\n<video class=\"wp-video-shortcode\" id=\"video-25847-1\" width=\"640\" height=\"360\" preload=\"metadata\" controls=\"controls\"><source type=\"video\/mp4\" src=\"\/spots\/hir\/hir_110810_04.mp4?_=1\" \/><a href=\"\/spots\/hir\/hir_110810_04.mp4\">\/spots\/hir\/hir_110810_04.mp4<\/a><\/video><\/div><\/p>\n","protected":false},"excerpt":{"rendered":"<p>Sz\u00e9kely mes\u00e9ket hallgathattak a gyerekek d\u00e9lut\u00e1n a Hild Viktor V\u00e1rosi K\u00f6nyvt\u00e1rban. Az el\u0151ad\u00e1s k\u00fcl\u00f6nlegess\u00e9ge nemcsak az \u00edzes nyelvezet volt, hanem a k\u00fcl\u00f6nleges megjelen\u00edt\u00e9s is. Csernik Szende sz\u00e9kely mesemond\u00f3 ugyanis l\u00e1bb\u00e1bozott. A sz\u00e9kelyf\u00f6ldr\u0151l \u00e9rkezett mesemond\u00f3 elk\u00e1pr\u00e1ztatta a gyerekeket a Hild Viktor V\u00e1rosi K\u00f6nyvt\u00e1rban. Ehhez azonban el\u0151sz\u00f6r mesenyelvet kellett tanulni. Itt kider\u00fclt a meztelen csig\u00e1t ott m\u00e1sk\u00e9pp [&hellip;]<\/p>\n","protected":false},"author":2,"featured_media":0,"comment_status":"open","ping_status":"open","sticky":false,"template":"","format":"standard","meta":[],"categories":[21],"tags":[],"_links":{"self":[{"href":"http:\/\/archiv.szolnoktv.hu\/index.php?rest_route=\/wp\/v2\/posts\/25847"}],"collection":[{"href":"http:\/\/archiv.szolnoktv.hu\/index.php?rest_route=\/wp\/v2\/posts"}],"about":[{"href":"http:\/\/archiv.szolnoktv.hu\/index.php?rest_route=\/wp\/v2\/types\/post"}],"author":[{"embeddable":true,"href":"http:\/\/archiv.szolnoktv.hu\/index.php?rest_route=\/wp\/v2\/users\/2"}],"replies":[{"embeddable":true,"href":"http:\/\/archiv.szolnoktv.hu\/index.php?rest_route=%2Fwp%2Fv2%2Fcomments&post=25847"}],"version-history":[{"count":1,"href":"http:\/\/archiv.szolnoktv.hu\/index.php?rest_route=\/wp\/v2\/posts\/25847\/revisions"}],"predecessor-version":[{"id":26002,"href":"http:\/\/archiv.szolnoktv.hu\/index.php?rest_route=\/wp\/v2\/posts\/25847\/revisions\/26002"}],"wp:attachment":[{"href":"http:\/\/archiv.szolnoktv.hu\/index.php?rest_route=%2Fwp%2Fv2%2Fmedia&parent=25847"}],"wp:term":[{"taxonomy":"category","embeddable":true,"href":"http:\/\/archiv.szolnoktv.hu\/index.php?rest_route=%2Fwp%2Fv2%2Fcategories&post=25847"},{"taxonomy":"post_tag","embeddable":true,"href":"http:\/\/archiv.szolnoktv.hu\/index.php?rest_route=%2Fwp%2Fv2%2Ftags&post=25847"}],"curies":[{"name":"wp","href":"https:\/\/api.w.org\/{rel}","templated":true}]}}