{"id":25846,"date":"2011-08-10T14:25:16","date_gmt":"2011-08-10T14:25:16","guid":{"rendered":"http:\/\/archiv.szolnoktv.hu\/?p=25846"},"modified":"2021-10-28T17:31:39","modified_gmt":"2021-10-28T17:31:39","slug":"lorinc-nem-art-a-dinnyenekvideo","status":"publish","type":"post","link":"http:\/\/archiv.szolnoktv.hu\/?p=25846","title":{"rendered":"L\u0151rinc nem \u00e1rt a dinny\u00e9nek+video"},"content":{"rendered":"<div class='booster-block booster-read-block'><\/div><p>T\u00e9vhit, hogy L\u0151rinc \u00e1rt a dinny\u00e9nek.  A hiedelem szerint L\u0151rinc-napt\u00f3l kezdve h\u0171v\u00f6s\u00f6dnek a hajnalok, amit nem szeret a dinnye. \u00c1m nem csak augusztus 10-\u00e9n, hanem szeptember 5-\u00e9n is van egy L\u0151rinc a napt\u00e1rban, a gazd\u00e1lkod\u00f3k rem\u00e9lik, id\u00e9n m\u00e9g akkor is lesz b\u0151ven dinnye a piacon.<br \/>\n<br \/> Hib\u00e1tlan a g\u00f6r\u00f6gdinnye min\u0151s\u00e9ge a szolnoki piacon. A termel\u0151k \u00e9s az \u00e1rusok szerint m\u00e1r r\u00e9g nem igaz, hogy L\u0151rinc nap ut\u00e1n nem \u00e9rdemes dinny\u00e9t v\u00e1s\u00e1rolni. Szolnokon hetek \u00f3ta 78 forint a dinnye kil\u00f3nk\u00e9nti \u00e1ra \u00e9s nem val\u00f3sz\u00edn\u0171, hogy dr\u00e1gulni fog.  A legn\u00e9pszer\u0171bb a hossz\u00fak\u00e1s, cs\u00edkos h\u00e9j\u00fa dinnye, a termel\u0151k szerint is ez a legfinomabb. S\u00e1rgab\u00e9l\u0171 dinny\u00e9vel m\u00e1r aligha tal\u00e1lkozni a piacon, nem is aratott akkora sikert mint hagyom\u00e1nyos t\u00e1rsai.  A dinnye\u00e1rusokn\u00e1l &#8211; L\u0151rinc nap ide vagy oda- , sorba kell \u00e1llni.rnA j\u00f3 dinnye kong\u00f3 hangot ad, \u00e9s l\u00e9kel\u00e9skor a v\u00e1g\u00e1s ment\u00e9n tov\u00e1bbreped. Amennyiben tompa, puffan\u00f3 hangja van,  t\u00fal\u00e9rett, vagy a hossz\u00fa t\u00e1rol\u00e1s k\u00f6vetkezt\u00e9ben megposhadt. Ha az oldal\u00e1n nem tal\u00e1lunk s\u00e1rga foltot, azt jelenti: a termel\u0151 \u00e1tforgatta, hogy hamarabb \u00e9rjen.<br \/>\n<div style=\"width: 640px;\" class=\"wp-video\"><!--[if lt IE 9]><script>document.createElement('video');<\/script><![endif]-->\n<video class=\"wp-video-shortcode\" id=\"video-25846-1\" width=\"640\" height=\"360\" preload=\"metadata\" controls=\"controls\"><source type=\"video\/mp4\" src=\"\/spots\/hir\/hir_110810_02.mp4?_=1\" \/><a href=\"\/spots\/hir\/hir_110810_02.mp4\">\/spots\/hir\/hir_110810_02.mp4<\/a><\/video><\/div><\/p>\n","protected":false},"excerpt":{"rendered":"<p>T\u00e9vhit, hogy L\u0151rinc \u00e1rt a dinny\u00e9nek. A hiedelem szerint L\u0151rinc-napt\u00f3l kezdve h\u0171v\u00f6s\u00f6dnek a hajnalok, amit nem szeret a dinnye. \u00c1m nem csak augusztus 10-\u00e9n, hanem szeptember 5-\u00e9n is van egy L\u0151rinc a napt\u00e1rban, a gazd\u00e1lkod\u00f3k rem\u00e9lik, id\u00e9n m\u00e9g akkor is lesz b\u0151ven dinnye a piacon. Hib\u00e1tlan a g\u00f6r\u00f6gdinnye min\u0151s\u00e9ge a szolnoki piacon. A termel\u0151k \u00e9s [&hellip;]<\/p>\n","protected":false},"author":2,"featured_media":0,"comment_status":"open","ping_status":"open","sticky":false,"template":"","format":"standard","meta":[],"categories":[21],"tags":[],"_links":{"self":[{"href":"http:\/\/archiv.szolnoktv.hu\/index.php?rest_route=\/wp\/v2\/posts\/25846"}],"collection":[{"href":"http:\/\/archiv.szolnoktv.hu\/index.php?rest_route=\/wp\/v2\/posts"}],"about":[{"href":"http:\/\/archiv.szolnoktv.hu\/index.php?rest_route=\/wp\/v2\/types\/post"}],"author":[{"embeddable":true,"href":"http:\/\/archiv.szolnoktv.hu\/index.php?rest_route=\/wp\/v2\/users\/2"}],"replies":[{"embeddable":true,"href":"http:\/\/archiv.szolnoktv.hu\/index.php?rest_route=%2Fwp%2Fv2%2Fcomments&post=25846"}],"version-history":[{"count":1,"href":"http:\/\/archiv.szolnoktv.hu\/index.php?rest_route=\/wp\/v2\/posts\/25846\/revisions"}],"predecessor-version":[{"id":26003,"href":"http:\/\/archiv.szolnoktv.hu\/index.php?rest_route=\/wp\/v2\/posts\/25846\/revisions\/26003"}],"wp:attachment":[{"href":"http:\/\/archiv.szolnoktv.hu\/index.php?rest_route=%2Fwp%2Fv2%2Fmedia&parent=25846"}],"wp:term":[{"taxonomy":"category","embeddable":true,"href":"http:\/\/archiv.szolnoktv.hu\/index.php?rest_route=%2Fwp%2Fv2%2Fcategories&post=25846"},{"taxonomy":"post_tag","embeddable":true,"href":"http:\/\/archiv.szolnoktv.hu\/index.php?rest_route=%2Fwp%2Fv2%2Ftags&post=25846"}],"curies":[{"name":"wp","href":"https:\/\/api.w.org\/{rel}","templated":true}]}}