{"id":25845,"date":"2011-08-10T12:02:10","date_gmt":"2011-08-10T12:02:10","guid":{"rendered":"http:\/\/archiv.szolnoktv.hu\/?p=25845"},"modified":"2021-10-28T17:31:39","modified_gmt":"2021-10-28T17:31:39","slug":"megyenk-utjain-is-fel-kell-keszulni-az-ozek-megjelenesere","status":"publish","type":"post","link":"http:\/\/archiv.szolnoktv.hu\/?p=25845","title":{"rendered":"Megy\u00e9nk \u00fatjain is fel kell k\u00e9sz\u00fclni az \u0151zek megjelen\u00e9s\u00e9re"},"content":{"rendered":"<div class='booster-block booster-read-block'><\/div><p>\u00d3vatosan az utakon! Az \u0151zek p\u00e1rz\u00e1si id\u0151szaka miatt megn\u0151tt a vadbalesetek sz\u00e1ma az orsz\u00e1g \u00fatjain. Az \u00f6szt\u00f6neik \u00e1ltal hajtott \u00e1llatok ebben az id\u0151szakban nemcsak sz\u00fcrk\u00fcletkor \u00e9s \u00e9jszaka, hanem napk\u00f6zben is b\u00e1rmikor az \u00fatra t\u00e9vedhetnek.<br \/>\n<br \/>B\u00e9k\u00e9sen s\u00e9t\u00e1lgat ez az \u0151z a NEFAG Ka\u00e1n K\u00e1roly \u00fati vadasparkj\u00e1ban. Simogatni is hagyja mag\u00e1t, t\u00e1rsai azonban  sok  bossz\u00fas\u00e1got okoznak az aut\u00f3soknak. A nagyj\u00e1b\u00f3l szeptemberig tart\u00f3 p\u00e1rz\u00e1si id\u0151szakban ugyanis jelent\u0151sen megn\u0151 a vadbalesetek sz\u00e1ma. \u201eKimondottan a hormonokt\u00f3l vez\u00e9relve viszonylag &#8211; szok\u00e1s\u00e1t\u00f3l elt\u00e9r\u0151en &#8211; nagy sebess\u00e9ggel, figyelmetlen\u00fcl, ha nevezhetj\u00fck ezt vadak szempontj\u00e1b\u00f3l figyelemetlens\u00e9gnek, k\u00f6veti \u00e1ltal\u00e1ban a h\u00edm ivar\u00fa \u00e1llatok a n\u0151 ivar\u00fa \u00e1llatokat.\u201e &#8211; mondta Magyar Istv\u00e1n vadgazd\u00e1lkod\u00e1si vezet\u0151. Az utakon t\u00e1bla is figyelemztet a vesz\u00e9lyre, de, ha egyszer egy \u0151z kiugrik az aut\u00f3 el\u00e9 sajnos nincs az a reakci\u00f3 id\u0151, amivel elker\u00fclhet\u0151 lenne a baleset. Sokan sokf\u00e9lek\u00e9ppen v\u00e9dekeznek az \u00fatra ront\u00f3 vad ellen, legt\u00f6bben riaszt\u00f3 s\u00edpot szerelnek a j\u00e1rm\u0171re, de a szakember szerint ez nem megold\u00e1s.A balesetek megel\u0151z\u00e9s\u00e9re m\u00e9g az aut\u00f3utak \u00e9s aut\u00f3p\u00e1ly\u00e1k mell\u00e9 v\u00e9gig ki\u00e9p\u00edtett vadker\u00edt\u00e9s sem tekinthet\u0151 megold\u00e1snak &#8211; a hormonjai \u00e1ltal vez\u00e9relt \u0151z ugyanis k\u00f6nnyed\u00e9n \u00e1tugorja ezeket. Az el\u00fct\u00f6tt \u00e1llatot nem lehet elvinni &#8211; ez b\u0171ncselekm\u00e9nynek sz\u00e1m\u00edt. Az orsz\u00e1gban egy\u00e9bk\u00e9nt \u00e9ves szinten mintegy 14 ezer vadbaleset t\u00f6rt\u00e9nik, a legt\u00f6bbet viszont nem az \u0151zek, hanem a f\u00e1c\u00e1nok okozz\u00e1k.<br \/>\n<div style=\"width: 640px;\" class=\"wp-video\"><!--[if lt IE 9]><script>document.createElement('video');<\/script><![endif]-->\n<video class=\"wp-video-shortcode\" id=\"video-25845-1\" width=\"640\" height=\"360\" preload=\"metadata\" controls=\"controls\"><source type=\"video\/mp4\" src=\"\/spots\/hir\/hir_110810_01.mp4?_=1\" \/><a href=\"\/spots\/hir\/hir_110810_01.mp4\">\/spots\/hir\/hir_110810_01.mp4<\/a><\/video><\/div><\/p>\n","protected":false},"excerpt":{"rendered":"<p>\u00d3vatosan az utakon! Az \u0151zek p\u00e1rz\u00e1si id\u0151szaka miatt megn\u0151tt a vadbalesetek sz\u00e1ma az orsz\u00e1g \u00fatjain. Az \u00f6szt\u00f6neik \u00e1ltal hajtott \u00e1llatok ebben az id\u0151szakban nemcsak sz\u00fcrk\u00fcletkor \u00e9s \u00e9jszaka, hanem napk\u00f6zben is b\u00e1rmikor az \u00fatra t\u00e9vedhetnek. B\u00e9k\u00e9sen s\u00e9t\u00e1lgat ez az \u0151z a NEFAG Ka\u00e1n K\u00e1roly \u00fati vadasparkj\u00e1ban. Simogatni is hagyja mag\u00e1t, t\u00e1rsai azonban sok bossz\u00fas\u00e1got okoznak az [&hellip;]<\/p>\n","protected":false},"author":2,"featured_media":0,"comment_status":"open","ping_status":"open","sticky":false,"template":"","format":"standard","meta":[],"categories":[21],"tags":[],"_links":{"self":[{"href":"http:\/\/archiv.szolnoktv.hu\/index.php?rest_route=\/wp\/v2\/posts\/25845"}],"collection":[{"href":"http:\/\/archiv.szolnoktv.hu\/index.php?rest_route=\/wp\/v2\/posts"}],"about":[{"href":"http:\/\/archiv.szolnoktv.hu\/index.php?rest_route=\/wp\/v2\/types\/post"}],"author":[{"embeddable":true,"href":"http:\/\/archiv.szolnoktv.hu\/index.php?rest_route=\/wp\/v2\/users\/2"}],"replies":[{"embeddable":true,"href":"http:\/\/archiv.szolnoktv.hu\/index.php?rest_route=%2Fwp%2Fv2%2Fcomments&post=25845"}],"version-history":[{"count":1,"href":"http:\/\/archiv.szolnoktv.hu\/index.php?rest_route=\/wp\/v2\/posts\/25845\/revisions"}],"predecessor-version":[{"id":26004,"href":"http:\/\/archiv.szolnoktv.hu\/index.php?rest_route=\/wp\/v2\/posts\/25845\/revisions\/26004"}],"wp:attachment":[{"href":"http:\/\/archiv.szolnoktv.hu\/index.php?rest_route=%2Fwp%2Fv2%2Fmedia&parent=25845"}],"wp:term":[{"taxonomy":"category","embeddable":true,"href":"http:\/\/archiv.szolnoktv.hu\/index.php?rest_route=%2Fwp%2Fv2%2Fcategories&post=25845"},{"taxonomy":"post_tag","embeddable":true,"href":"http:\/\/archiv.szolnoktv.hu\/index.php?rest_route=%2Fwp%2Fv2%2Ftags&post=25845"}],"curies":[{"name":"wp","href":"https:\/\/api.w.org\/{rel}","templated":true}]}}