{"id":25844,"date":"2011-08-09T18:43:20","date_gmt":"2011-08-09T18:43:20","guid":{"rendered":"http:\/\/archiv.szolnoktv.hu\/?p=25844"},"modified":"2021-10-28T17:31:39","modified_gmt":"2021-10-28T17:31:39","slug":"viraggal-kedveskedtek-az-otezrediknek","status":"publish","type":"post","link":"http:\/\/archiv.szolnoktv.hu\/?p=25844","title":{"rendered":"Vir\u00e1ggal kedveskedtek az \u00f6tezrediknek"},"content":{"rendered":"<div class='booster-block booster-read-block'><\/div><p>Vir\u00e1ggal k\u00f6sz\u00f6nt\u00f6tt\u00e9k d\u00e9lel\u0151tt a szolnoki Korm\u00e1nyablak \u00f6tezredik \u00fcgyfel\u00e9t. Az egyszer\u0171s\u00edtett \u00fcgyint\u00e9z\u00e9s janu\u00e1r eleje \u00f3ta \u00e1ll rendelkez\u00e9sre az \u00e9rdekl\u0151d\u0151k sz\u00e1m\u00e1ra.<br \/>\n<br \/>A 24- es sorsz\u00e1mmal \u00e9rkez\u0151 \u00fcgyfelek m\u00f6g\u00f6tt becsuk\u00f3dik az ajt\u00f3. Az \u00fcgyint\u00e9z\u00e9s nemcsak gyors, diszkr\u00e9t is. Kamer\u00e1nk is csup\u00e1n a jeles alkalomra val\u00f3 tekintettel, enged\u00e9ly birtok\u00e1ban, p\u00e1r perc erej\u00e9ig nyert bebocs\u00e1jt\u00e1st. Kevesebb mint 10 percet t\u00f6lt\u00f6tt bent az \u00fcgyf\u00e9l. Ez id\u0151 alatt nem csup\u00e1n a szem\u00e9lyre szabott \u00fcgyf\u00e9lkapu regisztr\u00e1ci\u00f3ja t\u00f6rt\u00e9nt meg, de a konkr\u00e9t ig\u00e9nyhez kapcsol\u00f3d\u00f3 nyomtatv\u00e1nyok is elk\u00e9sz\u00fcltek. Ezut\u00e1n j\u00f6hetett a meglepet\u00e9s. A hivatal aj\u00e1nd\u00e9ka- az 5000. \u00fcgyf\u00e9lnek sz\u00e1nt vir\u00e1gcsokor \u00e1tad\u00e1sa. A szolnoki Bosznai Judit az\u00e9rt kereste f\u00f6l a korm\u00e1nyablakot, mert v\u00e1llalkoz\u00e1st szeretne ind\u00edtani. \u201cAz \u00f6sszes k\u00e9rd\u00e9semre v\u00e1laszt kaptam, el\u00e9g gyors \u00e9s hat\u00e9kony volt az \u00fcgyint\u00e9z\u00e9s.\u201e Egy az interneten megjelent \u00f6sszes\u00edt\u00e9s szerint orsz\u00e1gos szinten t\u00f6bb mint 120 ezer \u00fcgyf\u00e9l fordult meg az els\u0151 f\u00e9l\u00e9v sor\u00e1n a korm\u00e1nyablakokn\u00e1l. A vid\u00e9ki helyek k\u00f6z\u00fcl Ny\u00edregyh\u00e1z\u00e1n volt a legnagyobb forgalom. Itt j\u00falius k\u00f6zep\u00e9ig m\u00e1r t\u00edzezer \u00fcgyfelet regisztr\u00e1ltak.<br \/>\n<div style=\"width: 640px;\" class=\"wp-video\"><!--[if lt IE 9]><script>document.createElement('video');<\/script><![endif]-->\n<video class=\"wp-video-shortcode\" id=\"video-25844-1\" width=\"640\" height=\"360\" preload=\"metadata\" controls=\"controls\"><source type=\"video\/mp4\" src=\"\/spots\/hir\/hir_110809_03.mp4?_=1\" \/><a href=\"\/spots\/hir\/hir_110809_03.mp4\">\/spots\/hir\/hir_110809_03.mp4<\/a><\/video><\/div><\/p>\n","protected":false},"excerpt":{"rendered":"<p>Vir\u00e1ggal k\u00f6sz\u00f6nt\u00f6tt\u00e9k d\u00e9lel\u0151tt a szolnoki Korm\u00e1nyablak \u00f6tezredik \u00fcgyfel\u00e9t. Az egyszer\u0171s\u00edtett \u00fcgyint\u00e9z\u00e9s janu\u00e1r eleje \u00f3ta \u00e1ll rendelkez\u00e9sre az \u00e9rdekl\u0151d\u0151k sz\u00e1m\u00e1ra. A 24- es sorsz\u00e1mmal \u00e9rkez\u0151 \u00fcgyfelek m\u00f6g\u00f6tt becsuk\u00f3dik az ajt\u00f3. Az \u00fcgyint\u00e9z\u00e9s nemcsak gyors, diszkr\u00e9t is. Kamer\u00e1nk is csup\u00e1n a jeles alkalomra val\u00f3 tekintettel, enged\u00e9ly birtok\u00e1ban, p\u00e1r perc erej\u00e9ig nyert bebocs\u00e1jt\u00e1st. Kevesebb mint 10 percet t\u00f6lt\u00f6tt [&hellip;]<\/p>\n","protected":false},"author":2,"featured_media":0,"comment_status":"open","ping_status":"open","sticky":false,"template":"","format":"standard","meta":[],"categories":[21],"tags":[],"_links":{"self":[{"href":"http:\/\/archiv.szolnoktv.hu\/index.php?rest_route=\/wp\/v2\/posts\/25844"}],"collection":[{"href":"http:\/\/archiv.szolnoktv.hu\/index.php?rest_route=\/wp\/v2\/posts"}],"about":[{"href":"http:\/\/archiv.szolnoktv.hu\/index.php?rest_route=\/wp\/v2\/types\/post"}],"author":[{"embeddable":true,"href":"http:\/\/archiv.szolnoktv.hu\/index.php?rest_route=\/wp\/v2\/users\/2"}],"replies":[{"embeddable":true,"href":"http:\/\/archiv.szolnoktv.hu\/index.php?rest_route=%2Fwp%2Fv2%2Fcomments&post=25844"}],"version-history":[{"count":1,"href":"http:\/\/archiv.szolnoktv.hu\/index.php?rest_route=\/wp\/v2\/posts\/25844\/revisions"}],"predecessor-version":[{"id":26005,"href":"http:\/\/archiv.szolnoktv.hu\/index.php?rest_route=\/wp\/v2\/posts\/25844\/revisions\/26005"}],"wp:attachment":[{"href":"http:\/\/archiv.szolnoktv.hu\/index.php?rest_route=%2Fwp%2Fv2%2Fmedia&parent=25844"}],"wp:term":[{"taxonomy":"category","embeddable":true,"href":"http:\/\/archiv.szolnoktv.hu\/index.php?rest_route=%2Fwp%2Fv2%2Fcategories&post=25844"},{"taxonomy":"post_tag","embeddable":true,"href":"http:\/\/archiv.szolnoktv.hu\/index.php?rest_route=%2Fwp%2Fv2%2Ftags&post=25844"}],"curies":[{"name":"wp","href":"https:\/\/api.w.org\/{rel}","templated":true}]}}