{"id":25843,"date":"2011-08-09T16:20:26","date_gmt":"2011-08-09T16:20:26","guid":{"rendered":"http:\/\/archiv.szolnoktv.hu\/?p=25843"},"modified":"2021-10-28T17:31:39","modified_gmt":"2021-10-28T17:31:39","slug":"kerekparut-epulhet-kengyel-es-martfu-kozott","status":"publish","type":"post","link":"http:\/\/archiv.szolnoktv.hu\/?p=25843","title":{"rendered":"Ker\u00e9kp\u00e1r\u00fat \u00e9p\u00fclhet Kengyel \u00e9s Martf\u0171 k\u00f6z\u00f6tt"},"content":{"rendered":"<div class='booster-block booster-read-block'><\/div><p>Ker\u00e9kp\u00e1r\u00fat \u00e9p\u00fclhet Kengyel \u00e9s Martf\u0171 k\u00f6z\u00f6tt. A k\u00e9t telep\u00fcl\u00e9s k\u00f6z\u00f6sen p\u00e1ly\u00e1zik, amennyiben nyernek, 2012 nyar\u00e1n el is kezd\u0151dhetnek a munk\u00e1latok. Kengyelen ma hivatalosan is \u00e1tadt\u00e1k az \u00f6t h\u00f3nap alatt elk\u00e9sz\u00fclt kamionmos\u00f3t, mely a telep\u00fcl\u00e9s eddigi egyetlen ipari l\u00e9tes\u00edtm\u00e9nye. rn<br \/>\n<br \/>Jelenleg is tart a R\u00e1k\u00f3czi\u00fajfalut Martf\u0171vel \u00f6sszek\u00f6t\u0151 ker\u00e9kp\u00e1r\u00fat \u00e9p\u00edt\u00e9se. Ha minden a tervek szerint alakul, az utat tov\u00e1bb \u00e9p\u00edtik. A kengyeli \u00e9s a martf\u0171i \u00f6nkorm\u00e1nyzat ugyanis k\u00f6z\u00f6sen p\u00e1ly\u00e1zik a k\u00e9t telep\u00fcl\u00e9st \u00f6sszek\u00f6t\u0151 hat kilom\u00e9teres ker\u00e9kp\u00e1r\u00fat meg\u00e9p\u00edt\u00e9s\u00e9re. A k\u00e9t polg\u00e1rmester \u00fcnnep\u00e9lyes keretek k\u00f6zt \u00edrta al\u00e1 a konzorciumi szerz\u0151d\u00e9st. \u201eMi szeretn\u00e9nk a r\u00e9gi\u00f3 telep\u00fcl\u00e9seivel egy\u00fctt fejl\u0151dni, mert bel\u00e1ttuk, hogy \u00edgy lehets\u00e9ges \u00e9s \u00edgy a legjobb.\u201e &#8211; mondta Dr. Kiss Edit, Martf\u0171 polg\u00e1rmestere. Nagy Szil\u00e1rdnak, a kengyeli polg\u00e1rmesternek m\u00e1s c\u00e9ljai is vannak a ker\u00e9kp\u00e1r\u00fattal.  \u201eBagimajor, ami 4 kilom\u00e9terre l\u00e9v\u0151 gy\u00f6ny\u00f6r\u0171 kis telep\u00fcl\u00e9s, a kunhalmaival, halastav\u00e1val, sz\u00e9lmalm\u00e1val, az ott \u00e9l\u0151k valahogy nem \u00e9rzik igaz\u00e1n kengyelinek magukat, pedig tudom, hogy az el\u0151z\u0151 vezet\u00e9s is mindent megtett,hogy ez ne \u00edgy legyen.\u201eA p\u00e1ly\u00e1zatot okt\u00f3berben ny\u00fajtj\u00e1k be \u00e9s v\u00e1rhat\u00f3an tavasszal b\u00edr\u00e1lj\u00e1k el. Ha nyernek, \u00fagy 2012 nyar\u00e1n el is kezd\u0151dhetnek a munk\u00e1latok, melynek \u00f6sszk\u00f6lts\u00e9ge k\u00f6r\u00fclbel\u00fcl 250 milli\u00f3 forint lesz. Kedden d\u00e9lut\u00e1n \u00fcnnep\u00e9lyes keretek k\u00f6zt \u00e1tadt\u00e1k az \u00f6t h\u00f3nap alatt elk\u00e9sz\u00fclt kamionmos\u00f3t, mely Kengyel els\u0151 ipari l\u00e9tes\u00edtm\u00e9nye.  A beruh\u00e1z\u00e1s sz\u00e1z sz\u00e1zal\u00e9kban saj\u00e1t er\u0151b\u0151l \u00e9p\u00fclt. A telep\u00fcl\u00e9sre jellemz\u0151 nagy kamionforgalom miatt napi 15-20 kamionra sz\u00e1m\u00edtanak tulajdonosok. rnA kamionmos\u00f3 a J\u00f6v\u0151 Kengyel\u00e9t \u00c9p\u00edtj\u00fck Program egyik szimb\u00f3luma.<br \/>\n<div style=\"width: 640px;\" class=\"wp-video\"><!--[if lt IE 9]><script>document.createElement('video');<\/script><![endif]-->\n<video class=\"wp-video-shortcode\" id=\"video-25843-1\" width=\"640\" height=\"360\" preload=\"metadata\" controls=\"controls\"><source type=\"video\/mp4\" src=\"\/spots\/hir\/hir_110809_04.mp4?_=1\" \/><a href=\"\/spots\/hir\/hir_110809_04.mp4\">\/spots\/hir\/hir_110809_04.mp4<\/a><\/video><\/div><\/p>\n","protected":false},"excerpt":{"rendered":"<p>Ker\u00e9kp\u00e1r\u00fat \u00e9p\u00fclhet Kengyel \u00e9s Martf\u0171 k\u00f6z\u00f6tt. A k\u00e9t telep\u00fcl\u00e9s k\u00f6z\u00f6sen p\u00e1ly\u00e1zik, amennyiben nyernek, 2012 nyar\u00e1n el is kezd\u0151dhetnek a munk\u00e1latok. Kengyelen ma hivatalosan is \u00e1tadt\u00e1k az \u00f6t h\u00f3nap alatt elk\u00e9sz\u00fclt kamionmos\u00f3t, mely a telep\u00fcl\u00e9s eddigi egyetlen ipari l\u00e9tes\u00edtm\u00e9nye. rn Jelenleg is tart a R\u00e1k\u00f3czi\u00fajfalut Martf\u0171vel \u00f6sszek\u00f6t\u0151 ker\u00e9kp\u00e1r\u00fat \u00e9p\u00edt\u00e9se. Ha minden a tervek szerint alakul, az [&hellip;]<\/p>\n","protected":false},"author":2,"featured_media":0,"comment_status":"open","ping_status":"open","sticky":false,"template":"","format":"standard","meta":[],"categories":[21],"tags":[],"_links":{"self":[{"href":"http:\/\/archiv.szolnoktv.hu\/index.php?rest_route=\/wp\/v2\/posts\/25843"}],"collection":[{"href":"http:\/\/archiv.szolnoktv.hu\/index.php?rest_route=\/wp\/v2\/posts"}],"about":[{"href":"http:\/\/archiv.szolnoktv.hu\/index.php?rest_route=\/wp\/v2\/types\/post"}],"author":[{"embeddable":true,"href":"http:\/\/archiv.szolnoktv.hu\/index.php?rest_route=\/wp\/v2\/users\/2"}],"replies":[{"embeddable":true,"href":"http:\/\/archiv.szolnoktv.hu\/index.php?rest_route=%2Fwp%2Fv2%2Fcomments&post=25843"}],"version-history":[{"count":1,"href":"http:\/\/archiv.szolnoktv.hu\/index.php?rest_route=\/wp\/v2\/posts\/25843\/revisions"}],"predecessor-version":[{"id":26006,"href":"http:\/\/archiv.szolnoktv.hu\/index.php?rest_route=\/wp\/v2\/posts\/25843\/revisions\/26006"}],"wp:attachment":[{"href":"http:\/\/archiv.szolnoktv.hu\/index.php?rest_route=%2Fwp%2Fv2%2Fmedia&parent=25843"}],"wp:term":[{"taxonomy":"category","embeddable":true,"href":"http:\/\/archiv.szolnoktv.hu\/index.php?rest_route=%2Fwp%2Fv2%2Fcategories&post=25843"},{"taxonomy":"post_tag","embeddable":true,"href":"http:\/\/archiv.szolnoktv.hu\/index.php?rest_route=%2Fwp%2Fv2%2Ftags&post=25843"}],"curies":[{"name":"wp","href":"https:\/\/api.w.org\/{rel}","templated":true}]}}