{"id":25841,"date":"2011-08-09T13:55:42","date_gmt":"2011-08-09T13:55:42","guid":{"rendered":"http:\/\/archiv.szolnoktv.hu\/?p=25841"},"modified":"2021-10-28T17:31:39","modified_gmt":"2021-10-28T17:31:39","slug":"olaszorszagban-jatsza-a-len-kupa-selejtezojet-a-szolnok","status":"publish","type":"post","link":"http:\/\/archiv.szolnoktv.hu\/?p=25841","title":{"rendered":"Olaszorsz\u00e1gban j\u00e1tsza a LEN kupa selejtez\u0151j\u00e9t a Szolnok"},"content":{"rendered":"<div class='booster-block booster-read-block'><\/div><p>A Szolnoki F\u0151sikola-K\u00f6zg\u00e9p VSC v\u00edzilabda csapat is elkezdte a felk\u00e9sz\u00fcl\u00e9st a LEN kup\u00e1ra \u00e9s a bajnoki rajtra. A nemzetk\u00f6zi kupa selejtez\u0151csoportjainak sorsol\u00e1s\u00e1t egy\u00e9bk\u00e9nt tegnap tarott\u00e1k. A szolnoki csapat izraeli, n\u00e9met, olasz \u00e9s t\u00f6r\u00f6k csapatot kapott ellenfel\u00e9\u00fcl.<br \/>\n<br \/>Augusztus elseje \u00f3ta teljes intenzit\u00e1ssal \u00e1m m\u00e9g nem a komplett kerettel k\u00e9sz\u00fcl a szolnoki csapat. Az \u00faj igazol\u00e1sok k\u00f6z\u00fcl a szerbek vil\u00e1gbajnoki Zivko Gocsics valamint a rom\u00e1n Tiberiu Negrean augusztus 20-ig kapott pihen\u0151t csak\u00fagy, mint Ramior Georgescu. Ny\u00e9ki Bal\u00e1zs, Koml\u00f3si P\u00e9ter, Decker Attila \u00e9s az olimpiai bajnok Kis G\u00e1bor viszont m\u00e1r a Tisza partj\u00e1n edz. \u201cMegtiszteltet\u00e9s sz\u00e1momra, hogy r\u00e1m gondoltak, mikor er\u0151s\u00edt\u00e9st tervezetk. Nagyon sok indok \u00e1ll amellett, hogy \u00e9n Szolnokra igazoltam. \u00c9n m\u00e9g \u00fagy gondolom, hogy nagyon sokat tudok fejl\u0151dni \u00e9s a fejl\u0151d\u00e9semet egy olyan klub, amely amb\u00edci\u00f3zus \u00e9s tervez \u00e9vr\u0151l \u00e9vre jobb lenni seg\u00edtheti \u00e9s \u00e9n is az \u00f6v\u00e9k\u00e9t.\u201e &#8211; mondta Kis G\u00e1bor. A pekingi \u00f6tkarik\u00e1s j\u00e1t\u00e9kok arany\u00e9rmes\u00e9t nemr\u00e9g porckorongs\u00e9rvvel m\u0171t\u00f6tt\u00e9k, de, mint mondta m\u00e1r j\u00f3l \u00e9rzi mag\u00e1t, b\u00e1r m\u00e9g term\u00e9szetesen nincs 100 %-os \u00e1llapotban. Nem csak a medenc\u00e9ben, hanem a medence sz\u00e9l\u00e9n is tal\u00e1ltunk egy olimpia bajnokot. K\u00f3sz Zolt\u00e1n a kapusok felk\u00e9sz\u00edt\u00e9s\u00e9ben seg\u00edti a vezet\u0151edz\u0151 munk\u00e1j\u00e1t. \u201cM\u00e1r az elm\u00falt szezon v\u00e9ge fel\u00e9 Cseh Sanyi a csapat vezet\u0151edz\u0151je felh\u00edvott, k\u00e9rte a tan\u00e1csomat egy-k\u00e9t k\u00e9rd\u00e9sben term\u00e9szetesen kapusokkal kapcsoltaban \u00e9s id\u00e9n ny\u00e1ron \u00fajra felvette velem a kapcsolatot, ahogy er\u0151s\u00f6d\u00f6tt a csapat \u00fagy kicsit szeretn\u00e9, szeretn\u00e9nk szorosabbra k\u00f6tni ezt a szakmai viszonyt.\u201e &#8211; mondta az egykori vil\u00e1gklasszis kapus. A csapat a tavalyihoz k\u00e9pest egy\u00e9rtelm\u0171en er\u0151s\u00f6d\u00f6tt, a vezet\u0151s\u00e9g id\u00e9n m\u00e1r a n\u00e9gybe ker\u00fcl\u00e9st t\u0171zte ki c\u00e9lul. \u201cA m\u00e1sik n\u00e9gy csapat, aki el\u0151tt\u00fcnk volt minimum ugyanolyan er\u0151s maradt, meger\u0151s\u00f6d\u00f6tt, nagyon nagy csata lesz a n\u00e9gy k\u00f6z\u00e9 jut\u00e1s\u00e9rt, emellett a Debrecen is nagyon beigazolt, de h\u00e1t nem lehet m\u00e1s a c\u00e9lunk, hogy legal\u00e1bb a n\u00e9gy k\u00f6z\u00e9 beker\u00fclj\u00fcnk, de nagyon sokat kell ez\u00e9rt tenn\u00fcnk majd.\u201e &#8211; tette hozz\u00e1 Cseh S\u00e1ndor a csapat vezet\u0151edz\u0151je. A bajnoks\u00e1g mellett a LEN kup\u00e1ban is szeretne j\u00f3l szerepelni a g\u00e1rda. A tegnapi sorsol\u00e1s ut\u00e1n mostm\u00e1r tudjuk, hogy a slejtez\u0151 meccsekre Olaszorsz\u00e1gba utaznak a szolnoki p\u00f3losok, ahol a hazai egy\u00fcttes mellett egy n\u00e9met, egy t\u00f6r\u00f6k valamint egy izraeli csapattal n\u00e9znek majd farkasszemet \u00e9s a legjobb n\u00e9gy jut tov\u00e1bb. A meccseket szeptember 23 \u00e9s 25 k\u00f6z\u00f6tt rendezik ut\u00e1n pedig m\u00e1r kezd\u0151dik a bajnoks\u00e1g.<br \/>\n<div style=\"width: 640px;\" class=\"wp-video\"><!--[if lt IE 9]><script>document.createElement('video');<\/script><![endif]-->\n<video class=\"wp-video-shortcode\" id=\"video-25841-1\" width=\"640\" height=\"360\" preload=\"metadata\" controls=\"controls\"><source type=\"video\/mp4\" src=\"\/spots\/hir\/hir_110809_01.mp4?_=1\" \/><a href=\"\/spots\/hir\/hir_110809_01.mp4\">\/spots\/hir\/hir_110809_01.mp4<\/a><\/video><\/div><\/p>\n","protected":false},"excerpt":{"rendered":"<p>A Szolnoki F\u0151sikola-K\u00f6zg\u00e9p VSC v\u00edzilabda csapat is elkezdte a felk\u00e9sz\u00fcl\u00e9st a LEN kup\u00e1ra \u00e9s a bajnoki rajtra. A nemzetk\u00f6zi kupa selejtez\u0151csoportjainak sorsol\u00e1s\u00e1t egy\u00e9bk\u00e9nt tegnap tarott\u00e1k. A szolnoki csapat izraeli, n\u00e9met, olasz \u00e9s t\u00f6r\u00f6k csapatot kapott ellenfel\u00e9\u00fcl. Augusztus elseje \u00f3ta teljes intenzit\u00e1ssal \u00e1m m\u00e9g nem a komplett kerettel k\u00e9sz\u00fcl a szolnoki csapat. Az \u00faj igazol\u00e1sok k\u00f6z\u00fcl [&hellip;]<\/p>\n","protected":false},"author":2,"featured_media":0,"comment_status":"open","ping_status":"open","sticky":false,"template":"","format":"standard","meta":[],"categories":[21],"tags":[],"_links":{"self":[{"href":"http:\/\/archiv.szolnoktv.hu\/index.php?rest_route=\/wp\/v2\/posts\/25841"}],"collection":[{"href":"http:\/\/archiv.szolnoktv.hu\/index.php?rest_route=\/wp\/v2\/posts"}],"about":[{"href":"http:\/\/archiv.szolnoktv.hu\/index.php?rest_route=\/wp\/v2\/types\/post"}],"author":[{"embeddable":true,"href":"http:\/\/archiv.szolnoktv.hu\/index.php?rest_route=\/wp\/v2\/users\/2"}],"replies":[{"embeddable":true,"href":"http:\/\/archiv.szolnoktv.hu\/index.php?rest_route=%2Fwp%2Fv2%2Fcomments&post=25841"}],"version-history":[{"count":1,"href":"http:\/\/archiv.szolnoktv.hu\/index.php?rest_route=\/wp\/v2\/posts\/25841\/revisions"}],"predecessor-version":[{"id":26008,"href":"http:\/\/archiv.szolnoktv.hu\/index.php?rest_route=\/wp\/v2\/posts\/25841\/revisions\/26008"}],"wp:attachment":[{"href":"http:\/\/archiv.szolnoktv.hu\/index.php?rest_route=%2Fwp%2Fv2%2Fmedia&parent=25841"}],"wp:term":[{"taxonomy":"category","embeddable":true,"href":"http:\/\/archiv.szolnoktv.hu\/index.php?rest_route=%2Fwp%2Fv2%2Fcategories&post=25841"},{"taxonomy":"post_tag","embeddable":true,"href":"http:\/\/archiv.szolnoktv.hu\/index.php?rest_route=%2Fwp%2Fv2%2Ftags&post=25841"}],"curies":[{"name":"wp","href":"https:\/\/api.w.org\/{rel}","templated":true}]}}