{"id":25840,"date":"2011-08-08T17:12:27","date_gmt":"2011-08-08T17:12:27","guid":{"rendered":"http:\/\/archiv.szolnoktv.hu\/?p=25840"},"modified":"2021-10-28T17:31:39","modified_gmt":"2021-10-28T17:31:39","slug":"uj-padok-ket-parkban","status":"publish","type":"post","link":"http:\/\/archiv.szolnoktv.hu\/?p=25840","title":{"rendered":"\u00daj padok k\u00e9t parkban"},"content":{"rendered":"<div class='booster-block booster-read-block'><\/div><p>18 nosztalgia padot kapott a Verseghy &#8211; \u00e9s a R\u00f3zsapark. Az \u00fcl\u0151alkalmatoss\u00e1gok \u00f6sszesen 1 milli\u00f3 200 ezer forintba ker\u00fcltek.<br \/>\n<br \/> A R\u00f3zsapark gy\u00f6ny\u00f6r\u0171 magyar r\u00f3zs\u00e1ira 5, \u00edvben elhelyezett padr\u00f3l ny\u00edlik mostant\u00f3l sz\u00e9p kil\u00e1t\u00e1s. A Verseghy &#8211; park All\u00e9ja mell\u00e9 pedig 13 nosztalgiapadot telep\u00edtettek. Az All\u00e9 egy barokk kert\u00e9p\u00edt\u00e9szeti elem, mely hossz\u00fa \u00fat melletti dupla  fasort jelent. Az itt l\u00e9v\u0151 padokr\u00f3l kiv\u00e1l\u00f3 kil\u00e1t\u00e1s ny\u00edlik a Verseghy park mintegy 40 fajt\u00e1b\u00f3l telep\u00edtett sz\u00ednes kertj\u00e9re.<br \/>\n<div style=\"width: 640px;\" class=\"wp-video\"><!--[if lt IE 9]><script>document.createElement('video');<\/script><![endif]-->\n<video class=\"wp-video-shortcode\" id=\"video-25840-1\" width=\"640\" height=\"360\" preload=\"metadata\" controls=\"controls\"><source type=\"video\/mp4\" src=\"\/spots\/hir\/hir_110808_04.mp4?_=1\" \/><a href=\"\/spots\/hir\/hir_110808_04.mp4\">\/spots\/hir\/hir_110808_04.mp4<\/a><\/video><\/div><\/p>\n","protected":false},"excerpt":{"rendered":"<p>18 nosztalgia padot kapott a Verseghy &#8211; \u00e9s a R\u00f3zsapark. Az \u00fcl\u0151alkalmatoss\u00e1gok \u00f6sszesen 1 milli\u00f3 200 ezer forintba ker\u00fcltek. A R\u00f3zsapark gy\u00f6ny\u00f6r\u0171 magyar r\u00f3zs\u00e1ira 5, \u00edvben elhelyezett padr\u00f3l ny\u00edlik mostant\u00f3l sz\u00e9p kil\u00e1t\u00e1s. A Verseghy &#8211; park All\u00e9ja mell\u00e9 pedig 13 nosztalgiapadot telep\u00edtettek. Az All\u00e9 egy barokk kert\u00e9p\u00edt\u00e9szeti elem, mely hossz\u00fa \u00fat melletti dupla fasort jelent. [&hellip;]<\/p>\n","protected":false},"author":2,"featured_media":0,"comment_status":"open","ping_status":"open","sticky":false,"template":"","format":"standard","meta":[],"categories":[21],"tags":[],"_links":{"self":[{"href":"http:\/\/archiv.szolnoktv.hu\/index.php?rest_route=\/wp\/v2\/posts\/25840"}],"collection":[{"href":"http:\/\/archiv.szolnoktv.hu\/index.php?rest_route=\/wp\/v2\/posts"}],"about":[{"href":"http:\/\/archiv.szolnoktv.hu\/index.php?rest_route=\/wp\/v2\/types\/post"}],"author":[{"embeddable":true,"href":"http:\/\/archiv.szolnoktv.hu\/index.php?rest_route=\/wp\/v2\/users\/2"}],"replies":[{"embeddable":true,"href":"http:\/\/archiv.szolnoktv.hu\/index.php?rest_route=%2Fwp%2Fv2%2Fcomments&post=25840"}],"version-history":[{"count":1,"href":"http:\/\/archiv.szolnoktv.hu\/index.php?rest_route=\/wp\/v2\/posts\/25840\/revisions"}],"predecessor-version":[{"id":26009,"href":"http:\/\/archiv.szolnoktv.hu\/index.php?rest_route=\/wp\/v2\/posts\/25840\/revisions\/26009"}],"wp:attachment":[{"href":"http:\/\/archiv.szolnoktv.hu\/index.php?rest_route=%2Fwp%2Fv2%2Fmedia&parent=25840"}],"wp:term":[{"taxonomy":"category","embeddable":true,"href":"http:\/\/archiv.szolnoktv.hu\/index.php?rest_route=%2Fwp%2Fv2%2Fcategories&post=25840"},{"taxonomy":"post_tag","embeddable":true,"href":"http:\/\/archiv.szolnoktv.hu\/index.php?rest_route=%2Fwp%2Fv2%2Ftags&post=25840"}],"curies":[{"name":"wp","href":"https:\/\/api.w.org\/{rel}","templated":true}]}}