{"id":25839,"date":"2011-08-08T15:08:20","date_gmt":"2011-08-08T15:08:20","guid":{"rendered":"http:\/\/archiv.szolnoktv.hu\/?p=25839"},"modified":"2021-10-28T17:31:39","modified_gmt":"2021-10-28T17:31:39","slug":"tovabbra-is-nepszeru-a-xxi-napkozis-taborvideo","status":"publish","type":"post","link":"http:\/\/archiv.szolnoktv.hu\/?p=25839","title":{"rendered":"Tov\u00e1bbra is n\u00e9pszer\u0171 a XXI. Napk\u00f6zis T\u00e1bor+video"},"content":{"rendered":"<div class='booster-block booster-read-block'><\/div><p>K\u00e9zm\u0171ves foglalkoz\u00e1ssal, sz\u00e1mh\u00e1bor\u00faval, term\u00e9szetj\u00e1r\u00e1ssal, kir\u00e1ndul\u00e1ssal \u00e9s term\u00e9szetesen sok-sok j\u00e1t\u00e9kkal telnek a napok a 21. Napk\u00f6zis t\u00e1borban. A gyermekek l\u00e9tsz\u00e1ma folyamatosan v\u00e1ltozik, a sz\u00fcl\u0151k szabads\u00e1g\u00e1t\u00f3l f\u00fcgg\u0151en. Jelenleg csaknem 180 iskol\u00e1sra vigy\u00e1z a 12 szakk\u00e9pzett pedag\u00f3gus. A t\u00e1bor augusztus 31-\u00e9n z\u00e1rja kapuit.<br \/>\n<br \/> A tan\u00e9v v\u00e9g\u00e9n indult 21. ny\u00e1ri napk\u00f6zis t\u00e1bor c\u00e9lja, hogy a sz\u00fcnid\u0151t is hasznosan t\u00f6lts\u00e9k a gyermekek. A m\u00e1r t\u00f6bb  mint 20 \u00e9ves t\u00e1bor nagy seg\u00edts\u00e9get jelent a sz\u00fcl\u0151knek, akik m\u00e1sk\u00e9nt nem tudn\u00e1k a kicsik fel\u00fcgyelet\u00e9t megoldani. Akad olyan gyermek aki az eg\u00e9sz nyarat itt t\u00f6lti, m\u00edg m\u00e1sok csak p\u00e1r h\u00e9tig t\u00e1boroznak. A gyermekeket kir\u00e1ndulni is elvitt\u00e9k, a NEFAG parkerdej\u00e9ben j\u00e1rtak, cs\u00fct\u00f6rt\u00f6k\u00f6n pedig Poroszl\u00f3n t\u00f6ltik a napot. A t\u00e1bor augusztus 31-ig tart \u00e9s j\u00f6v\u0151re term\u00e9szetesen ism\u00e9t megrendezik.<br \/>\n<div style=\"width: 640px;\" class=\"wp-video\"><!--[if lt IE 9]><script>document.createElement('video');<\/script><![endif]-->\n<video class=\"wp-video-shortcode\" id=\"video-25839-1\" width=\"640\" height=\"360\" preload=\"metadata\" controls=\"controls\"><source type=\"video\/mp4\" src=\"\/spots\/hir\/hir_110808_03.mp4?_=1\" \/><a href=\"\/spots\/hir\/hir_110808_03.mp4\">\/spots\/hir\/hir_110808_03.mp4<\/a><\/video><\/div><\/p>\n","protected":false},"excerpt":{"rendered":"<p>K\u00e9zm\u0171ves foglalkoz\u00e1ssal, sz\u00e1mh\u00e1bor\u00faval, term\u00e9szetj\u00e1r\u00e1ssal, kir\u00e1ndul\u00e1ssal \u00e9s term\u00e9szetesen sok-sok j\u00e1t\u00e9kkal telnek a napok a 21. Napk\u00f6zis t\u00e1borban. A gyermekek l\u00e9tsz\u00e1ma folyamatosan v\u00e1ltozik, a sz\u00fcl\u0151k szabads\u00e1g\u00e1t\u00f3l f\u00fcgg\u0151en. Jelenleg csaknem 180 iskol\u00e1sra vigy\u00e1z a 12 szakk\u00e9pzett pedag\u00f3gus. A t\u00e1bor augusztus 31-\u00e9n z\u00e1rja kapuit. A tan\u00e9v v\u00e9g\u00e9n indult 21. ny\u00e1ri napk\u00f6zis t\u00e1bor c\u00e9lja, hogy a sz\u00fcnid\u0151t is hasznosan t\u00f6lts\u00e9k [&hellip;]<\/p>\n","protected":false},"author":2,"featured_media":0,"comment_status":"open","ping_status":"open","sticky":false,"template":"","format":"standard","meta":[],"categories":[21],"tags":[],"_links":{"self":[{"href":"http:\/\/archiv.szolnoktv.hu\/index.php?rest_route=\/wp\/v2\/posts\/25839"}],"collection":[{"href":"http:\/\/archiv.szolnoktv.hu\/index.php?rest_route=\/wp\/v2\/posts"}],"about":[{"href":"http:\/\/archiv.szolnoktv.hu\/index.php?rest_route=\/wp\/v2\/types\/post"}],"author":[{"embeddable":true,"href":"http:\/\/archiv.szolnoktv.hu\/index.php?rest_route=\/wp\/v2\/users\/2"}],"replies":[{"embeddable":true,"href":"http:\/\/archiv.szolnoktv.hu\/index.php?rest_route=%2Fwp%2Fv2%2Fcomments&post=25839"}],"version-history":[{"count":1,"href":"http:\/\/archiv.szolnoktv.hu\/index.php?rest_route=\/wp\/v2\/posts\/25839\/revisions"}],"predecessor-version":[{"id":26010,"href":"http:\/\/archiv.szolnoktv.hu\/index.php?rest_route=\/wp\/v2\/posts\/25839\/revisions\/26010"}],"wp:attachment":[{"href":"http:\/\/archiv.szolnoktv.hu\/index.php?rest_route=%2Fwp%2Fv2%2Fmedia&parent=25839"}],"wp:term":[{"taxonomy":"category","embeddable":true,"href":"http:\/\/archiv.szolnoktv.hu\/index.php?rest_route=%2Fwp%2Fv2%2Fcategories&post=25839"},{"taxonomy":"post_tag","embeddable":true,"href":"http:\/\/archiv.szolnoktv.hu\/index.php?rest_route=%2Fwp%2Fv2%2Ftags&post=25839"}],"curies":[{"name":"wp","href":"https:\/\/api.w.org\/{rel}","templated":true}]}}