{"id":25838,"date":"2011-08-08T13:52:59","date_gmt":"2011-08-08T13:52:59","guid":{"rendered":"http:\/\/archiv.szolnoktv.hu\/?p=25838"},"modified":"2021-10-28T17:31:40","modified_gmt":"2021-10-28T17:31:40","slug":"az-abonyi-vadaspark-regi-es-uj-kedvencei","status":"publish","type":"post","link":"http:\/\/archiv.szolnoktv.hu\/?p=25838","title":{"rendered":"Az abonyi vadaspark r\u00e9gi \u00e9s \u00faj kedvencei"},"content":{"rendered":"<div class='booster-block booster-read-block'><\/div><p>Bubor\u00e9k m\u00e1r 600 kil\u00f3s, Szibir \u00e9s Dorka sem \u00e1llt meg a n\u00f6v\u00e9sben, \u00f6t k\u00e9t h\u00f3napos orm\u00e1nyos medve pedig most kezd berendezkedni. Zuri ut\u00e1n megl\u00e1togattuk az abonyi vadaspark r\u00e9gi nagy kedvenceit \u00e9s az \u00faj cs\u00f6pps\u00e9geket.<br \/>\n<br \/>Az abonyi vadaspark legnagyobb szt\u00e1rja manaps\u00e1g k\u00e9ts\u00e9gk\u00edv\u00fcl Zuri a kisoroszl\u00e1n. A l\u00e1togat\u00f3k minden nap k\u00e9tszer is megsimogathatj\u00e1k a h\u00e1rom h\u00f3napos nagymacsak\u00e1t, aki bar\u00e1ts\u00e1gosan j\u00e1tszik midenkivel. De rajta k\u00edv\u00fcl term\u00e9szetesen van m\u00e9g l\u00e1tnival\u00f3 b\u0151ven \u00e9s itt vannak a r\u00e9gebbi nagy kevencek is. Tavaly novemberben \u00e9rkezett a parkba Szib\u00edr \u00e9s Dorka a k\u00e9t szib\u00e9riai tigris. \u00d3vatos, \u00e1m \u00e9rdekl\u0151d\u0151 mozdulatokkal j\u00e1rt\u00e1k be \u00faj k\u00f6rnyezet\u00fcket \u00e9s bar\u00e1tkoztak a kis kever\u00e9k kutyussal Lujzival, akivel egy\u00e9bk\u00e9nt a mai napig egy\u00fctt \u00e9lnek. Ott j\u00e1rtunkkor mind a ketten d\u00e9li szieszt\u00e1jukat t\u00f6lt\u00f6tt\u00e9k, csak\u00fagy, mint Bubor\u00e9k. Bizonyosan sokan eml\u00e9keznek r\u00e1, amikor 2008 december\u00e9ben az akkor 150 kil\u00f3s cs\u00f6pps\u00e9g meg\u00e9rkezett Abonyba. Az\u00f3ta \u0151 is l\u00e1togat\u00f3k kedvenc\u00e9v\u00e9 v\u00e1lt, ma m\u00e1r majd 600 kil\u00f3t nyom, k\u00f6sz\u00f6nhet\u0151en tal\u00e1n annak is, hogy mindenkit\u0151l kik\u00f6ny\u00f6r\u00f6g egy-k\u00e9t finom falatot. Itt a vadaspark legfiatalabb lak\u00f3i, \u00f6t k\u00e9t h\u00f3napos orm\u00e1nyos medve n\u00e9z r\u00e1nk csod\u00e1lkozva, \u00e9rdekl\u0151dve. \u00d5k m\u00e9g kicsit f\u00e9l\u00e9nkek, \u00e1m ann\u00e1l bar\u00e1ts\u00e1gosabbak. Miut\u00e1n megszokt\u00e1k jelenl\u00e9t\u00fcnket, m\u00e1r felb\u00e1torodtak, gondoz\u00f3juk m\u00e9g k\u00e9zbe is tudta venni az egyiket, b\u00e1r ez annyira nem tetszett a kis macinak. A kamera l\u00e1tv\u00e1nya azonban elvonta a figyelem\u00e9t. \u00d5k egyel\u0151re m\u00e9g nem k\u00f6lt\u00f6zhetnek ki a szabadba. Vissazt\u00e9rve Zurira &#8211; m\u00e1r 25 kil\u00f3s a kisoroszl\u00e1n \u00e9s m\u00e9g nagyj\u00e1b\u00f3l 1 h\u00f3napig lehet nyugodt sz\u00edvvel simogtani. Ezt minden nap 11 \u00e9s 16 \u00f3rakor b\u00e1rki megteheti.<br \/>\n<div style=\"width: 640px;\" class=\"wp-video\"><!--[if lt IE 9]><script>document.createElement('video');<\/script><![endif]-->\n<video class=\"wp-video-shortcode\" id=\"video-25838-1\" width=\"640\" height=\"360\" preload=\"metadata\" controls=\"controls\"><source type=\"video\/mp4\" src=\"\/spots\/hir\/hir_110808_02.mp4?_=1\" \/><a href=\"\/spots\/hir\/hir_110808_02.mp4\">\/spots\/hir\/hir_110808_02.mp4<\/a><\/video><\/div><\/p>\n","protected":false},"excerpt":{"rendered":"<p>Bubor\u00e9k m\u00e1r 600 kil\u00f3s, Szibir \u00e9s Dorka sem \u00e1llt meg a n\u00f6v\u00e9sben, \u00f6t k\u00e9t h\u00f3napos orm\u00e1nyos medve pedig most kezd berendezkedni. Zuri ut\u00e1n megl\u00e1togattuk az abonyi vadaspark r\u00e9gi nagy kedvenceit \u00e9s az \u00faj cs\u00f6pps\u00e9geket. Az abonyi vadaspark legnagyobb szt\u00e1rja manaps\u00e1g k\u00e9ts\u00e9gk\u00edv\u00fcl Zuri a kisoroszl\u00e1n. A l\u00e1togat\u00f3k minden nap k\u00e9tszer is megsimogathatj\u00e1k a h\u00e1rom h\u00f3napos nagymacsak\u00e1t, [&hellip;]<\/p>\n","protected":false},"author":2,"featured_media":0,"comment_status":"open","ping_status":"open","sticky":false,"template":"","format":"standard","meta":[],"categories":[21],"tags":[],"_links":{"self":[{"href":"http:\/\/archiv.szolnoktv.hu\/index.php?rest_route=\/wp\/v2\/posts\/25838"}],"collection":[{"href":"http:\/\/archiv.szolnoktv.hu\/index.php?rest_route=\/wp\/v2\/posts"}],"about":[{"href":"http:\/\/archiv.szolnoktv.hu\/index.php?rest_route=\/wp\/v2\/types\/post"}],"author":[{"embeddable":true,"href":"http:\/\/archiv.szolnoktv.hu\/index.php?rest_route=\/wp\/v2\/users\/2"}],"replies":[{"embeddable":true,"href":"http:\/\/archiv.szolnoktv.hu\/index.php?rest_route=%2Fwp%2Fv2%2Fcomments&post=25838"}],"version-history":[{"count":1,"href":"http:\/\/archiv.szolnoktv.hu\/index.php?rest_route=\/wp\/v2\/posts\/25838\/revisions"}],"predecessor-version":[{"id":26011,"href":"http:\/\/archiv.szolnoktv.hu\/index.php?rest_route=\/wp\/v2\/posts\/25838\/revisions\/26011"}],"wp:attachment":[{"href":"http:\/\/archiv.szolnoktv.hu\/index.php?rest_route=%2Fwp%2Fv2%2Fmedia&parent=25838"}],"wp:term":[{"taxonomy":"category","embeddable":true,"href":"http:\/\/archiv.szolnoktv.hu\/index.php?rest_route=%2Fwp%2Fv2%2Fcategories&post=25838"},{"taxonomy":"post_tag","embeddable":true,"href":"http:\/\/archiv.szolnoktv.hu\/index.php?rest_route=%2Fwp%2Fv2%2Ftags&post=25838"}],"curies":[{"name":"wp","href":"https:\/\/api.w.org\/{rel}","templated":true}]}}