{"id":25836,"date":"2011-08-07T18:13:46","date_gmt":"2011-08-07T18:13:46","guid":{"rendered":"http:\/\/archiv.szolnoktv.hu\/?p=25836"},"modified":"2021-10-28T17:31:40","modified_gmt":"2021-10-28T17:31:40","slug":"veget-ert-a-tisza-parti-nyar","status":"publish","type":"post","link":"http:\/\/archiv.szolnoktv.hu\/?p=25836","title":{"rendered":"V\u00e9get \u00e9rt a Tisza-parti Ny\u00e1r"},"content":{"rendered":"<div class='booster-block booster-read-block'><\/div><p>V\u00e9get \u00e9rt a ny\u00e1r. Legal\u00e1bbis ami a Tiszai Haj\u00f3sok ter\u00e9re szervezett programkavalk\u00e1dot illeti. A Tisza Parti Ny\u00e1r z\u00e1r\u00f3rendezv\u00e9ny\u00e9n, szombaton a Trabantok\u00e9 volt a f\u0151szerep.<br \/>\n<br \/>Jenci b\u00e1csi Trabantj\u00e1nak p\u00f6f\u00f6g\u00e9se sok n\u00e9zel\u0151d\u00f6tt t\u00f6lt\u00f6tt el nosztalgi\u00e1val. Csak\u00fagy mint a t\u00e9ren ki\u00e1ll\u00edtott g\u00e9pkocsik, melyek els\u0151 protot\u00edpusa 1957 november 7.- \u00e9n g\u00f6rd\u00fclt ki a gy\u00e1rb\u00f3l a N\u00e9met Demokratikus K\u00f6zt\u00e1rsas\u00e1gban. A  m\u0171gyanta \u00e9s gyapothullad\u00e9kb\u00f3l komposzt\u00e1lt jellegzetes form\u00e1j\u00fa duroplaszt karossz\u00e9ria \u00e9s a nem kev\u00e9sb\u00e9 karakteres motorhang a humorist\u00e1k leg\u00fajabb nemzed\u00e9k\u00e9t is megihlette. \u201eTrabarna\u201e azaz Lor\u00e1n Barnab\u00e1s- a Tisza Parti Ny\u00e1r szombati vend\u00e9ge szerint a m\u00e1sik NDK- s \u0151st\u00edpus- a Wartburg hangja is meg\u00e9rdemli, hogy eml\u00e9ket \u00e1ll\u00edtsunk neki. A kultikus g\u00e9pkocsik jegy\u00e9ben szervezett szombati programmal v\u00e9get \u00e9rt a Tisza- parti Ny\u00e1r programsorozata. A n\u00e9gy h\u00e9tv\u00e9g\u00e9n \u00e1t ig\u00e9nyes kikapcsol\u00f3d\u00e1st biztos\u00edt\u00f3 rendezv\u00e9nysorozat most b\u00facs\u00fazik, \u00e1m az id\u00e9n oly szesz\u00e9lyes ny\u00e1r tal\u00e1n m\u00e9g nem. Legal\u00e1bbis b\u00edzunk benne.<br \/>\n<div style=\"width: 640px;\" class=\"wp-video\"><!--[if lt IE 9]><script>document.createElement('video');<\/script><![endif]-->\n<video class=\"wp-video-shortcode\" id=\"video-25836-1\" width=\"640\" height=\"360\" preload=\"metadata\" controls=\"controls\"><source type=\"video\/mp4\" src=\"\/spots\/hir\/hir_110807_03.mp4?_=1\" \/><a href=\"\/spots\/hir\/hir_110807_03.mp4\">\/spots\/hir\/hir_110807_03.mp4<\/a><\/video><\/div><\/p>\n","protected":false},"excerpt":{"rendered":"<p>V\u00e9get \u00e9rt a ny\u00e1r. Legal\u00e1bbis ami a Tiszai Haj\u00f3sok ter\u00e9re szervezett programkavalk\u00e1dot illeti. A Tisza Parti Ny\u00e1r z\u00e1r\u00f3rendezv\u00e9ny\u00e9n, szombaton a Trabantok\u00e9 volt a f\u0151szerep. Jenci b\u00e1csi Trabantj\u00e1nak p\u00f6f\u00f6g\u00e9se sok n\u00e9zel\u0151d\u00f6tt t\u00f6lt\u00f6tt el nosztalgi\u00e1val. Csak\u00fagy mint a t\u00e9ren ki\u00e1ll\u00edtott g\u00e9pkocsik, melyek els\u0151 protot\u00edpusa 1957 november 7.- \u00e9n g\u00f6rd\u00fclt ki a gy\u00e1rb\u00f3l a N\u00e9met Demokratikus K\u00f6zt\u00e1rsas\u00e1gban. A [&hellip;]<\/p>\n","protected":false},"author":2,"featured_media":0,"comment_status":"open","ping_status":"open","sticky":false,"template":"","format":"standard","meta":[],"categories":[21],"tags":[],"_links":{"self":[{"href":"http:\/\/archiv.szolnoktv.hu\/index.php?rest_route=\/wp\/v2\/posts\/25836"}],"collection":[{"href":"http:\/\/archiv.szolnoktv.hu\/index.php?rest_route=\/wp\/v2\/posts"}],"about":[{"href":"http:\/\/archiv.szolnoktv.hu\/index.php?rest_route=\/wp\/v2\/types\/post"}],"author":[{"embeddable":true,"href":"http:\/\/archiv.szolnoktv.hu\/index.php?rest_route=\/wp\/v2\/users\/2"}],"replies":[{"embeddable":true,"href":"http:\/\/archiv.szolnoktv.hu\/index.php?rest_route=%2Fwp%2Fv2%2Fcomments&post=25836"}],"version-history":[{"count":1,"href":"http:\/\/archiv.szolnoktv.hu\/index.php?rest_route=\/wp\/v2\/posts\/25836\/revisions"}],"predecessor-version":[{"id":26013,"href":"http:\/\/archiv.szolnoktv.hu\/index.php?rest_route=\/wp\/v2\/posts\/25836\/revisions\/26013"}],"wp:attachment":[{"href":"http:\/\/archiv.szolnoktv.hu\/index.php?rest_route=%2Fwp%2Fv2%2Fmedia&parent=25836"}],"wp:term":[{"taxonomy":"category","embeddable":true,"href":"http:\/\/archiv.szolnoktv.hu\/index.php?rest_route=%2Fwp%2Fv2%2Fcategories&post=25836"},{"taxonomy":"post_tag","embeddable":true,"href":"http:\/\/archiv.szolnoktv.hu\/index.php?rest_route=%2Fwp%2Fv2%2Ftags&post=25836"}],"curies":[{"name":"wp","href":"https:\/\/api.w.org\/{rel}","templated":true}]}}