{"id":25835,"date":"2011-08-07T18:10:30","date_gmt":"2011-08-07T18:10:30","guid":{"rendered":"http:\/\/archiv.szolnoktv.hu\/?p=25835"},"modified":"2021-10-28T17:31:40","modified_gmt":"2021-10-28T17:31:40","slug":"1-ora-1-kor","status":"publish","type":"post","link":"http:\/\/archiv.szolnoktv.hu\/?p=25835","title":{"rendered":"1 \u00f3ra+ 1 k\u00f6r"},"content":{"rendered":"<div class='booster-block booster-read-block'><\/div><p>Ennyit kellett letekerni\u00fck az els\u0151 h\u00e1zt\u00f6mb k\u00f6r\u00fcli ker\u00e9kp\u00e1rverseny r\u00e9sztvev\u0151inek p\u00e9nteken. A T\u00f6r\u00f6kszentmikl\u00f3s belv\u00e1ros\u00e1ban megrendezett futamon k\u00f6zel 70- en sz\u00e1lltak nyeregbe.<br \/>\n<br \/>A piac k\u00f6r\u00fcli t\u00e9ren el\u0151bb a n\u00e9zel\u0151d\u0151k jelentek meg, majd a versenyz\u0151k is sz\u00e1lling\u00f3zni kezdtek. A bemeleg\u00edt\u00e9s t\u00e9nye- a laikusok sz\u00e1m\u00e1ra c\u00e9ltalanul letekert k\u00f6r\u00f6k nem a versenyt\u0151l vett\u00e9k el az er\u0151t, hanem szervezetet \u00e9r\u0151 terhel\u00e9st \u00e1ll\u00edtott\u00e1k be a megfelel\u0151 szintre. A kijel\u00f6lt h\u00e1zt\u00f6mb\u00f6k k\u00f6r\u00fcl egyre n\u0151tt az izgalom. Szolnok adotts\u00e1gai, a megyesz\u00e9khely forgalma- amint az tavaly bebizonyosodott- nem igaz\u00e1n megfelel\u0151ek a hasonl\u00f3 futamok lebonyol\u00edt\u00e1s\u00e1ra. A temp\u00f3 l\u00e9legzetel\u00e1ll\u00edt\u00f3. A verseny egy \u00f3ra, plusz egy k\u00f6r\u00f6n \u00e1t tartott. A csodabring\u00e1k \u00e9rt\u00e9ke darabonk\u00e9nt \u00e1tlagosan m\u00e1sf\u00e9l milli\u00f3 forint. Ehhez ad\u00f3dik a versenyz\u0151 rutinja \u00e9s \u00e1ll\u00f3k\u00e9pess\u00e9ge. A mikl\u00f3si futam legjobbjai v\u00e9g\u00fcl haz\u00e1nk fiai lettek. A dobog\u00f3ra a Simon, Lovassy, Ivanics h\u00e1rmas l\u00e9phetett f\u00f6l.<br \/>\n<div style=\"width: 640px;\" class=\"wp-video\"><!--[if lt IE 9]><script>document.createElement('video');<\/script><![endif]-->\n<video class=\"wp-video-shortcode\" id=\"video-25835-1\" width=\"640\" height=\"360\" preload=\"metadata\" controls=\"controls\"><source type=\"video\/mp4\" src=\"\/spots\/hir\/hir_110804_02.mp4?_=1\" \/><a href=\"\/spots\/hir\/hir_110804_02.mp4\">\/spots\/hir\/hir_110804_02.mp4<\/a><\/video><\/div><\/p>\n","protected":false},"excerpt":{"rendered":"<p>Ennyit kellett letekerni\u00fck az els\u0151 h\u00e1zt\u00f6mb k\u00f6r\u00fcli ker\u00e9kp\u00e1rverseny r\u00e9sztvev\u0151inek p\u00e9nteken. A T\u00f6r\u00f6kszentmikl\u00f3s belv\u00e1ros\u00e1ban megrendezett futamon k\u00f6zel 70- en sz\u00e1lltak nyeregbe. A piac k\u00f6r\u00fcli t\u00e9ren el\u0151bb a n\u00e9zel\u0151d\u0151k jelentek meg, majd a versenyz\u0151k is sz\u00e1lling\u00f3zni kezdtek. A bemeleg\u00edt\u00e9s t\u00e9nye- a laikusok sz\u00e1m\u00e1ra c\u00e9ltalanul letekert k\u00f6r\u00f6k nem a versenyt\u0151l vett\u00e9k el az er\u0151t, hanem szervezetet \u00e9r\u0151 terhel\u00e9st [&hellip;]<\/p>\n","protected":false},"author":2,"featured_media":0,"comment_status":"open","ping_status":"open","sticky":false,"template":"","format":"standard","meta":[],"categories":[21],"tags":[],"_links":{"self":[{"href":"http:\/\/archiv.szolnoktv.hu\/index.php?rest_route=\/wp\/v2\/posts\/25835"}],"collection":[{"href":"http:\/\/archiv.szolnoktv.hu\/index.php?rest_route=\/wp\/v2\/posts"}],"about":[{"href":"http:\/\/archiv.szolnoktv.hu\/index.php?rest_route=\/wp\/v2\/types\/post"}],"author":[{"embeddable":true,"href":"http:\/\/archiv.szolnoktv.hu\/index.php?rest_route=\/wp\/v2\/users\/2"}],"replies":[{"embeddable":true,"href":"http:\/\/archiv.szolnoktv.hu\/index.php?rest_route=%2Fwp%2Fv2%2Fcomments&post=25835"}],"version-history":[{"count":1,"href":"http:\/\/archiv.szolnoktv.hu\/index.php?rest_route=\/wp\/v2\/posts\/25835\/revisions"}],"predecessor-version":[{"id":26014,"href":"http:\/\/archiv.szolnoktv.hu\/index.php?rest_route=\/wp\/v2\/posts\/25835\/revisions\/26014"}],"wp:attachment":[{"href":"http:\/\/archiv.szolnoktv.hu\/index.php?rest_route=%2Fwp%2Fv2%2Fmedia&parent=25835"}],"wp:term":[{"taxonomy":"category","embeddable":true,"href":"http:\/\/archiv.szolnoktv.hu\/index.php?rest_route=%2Fwp%2Fv2%2Fcategories&post=25835"},{"taxonomy":"post_tag","embeddable":true,"href":"http:\/\/archiv.szolnoktv.hu\/index.php?rest_route=%2Fwp%2Fv2%2Ftags&post=25835"}],"curies":[{"name":"wp","href":"https:\/\/api.w.org\/{rel}","templated":true}]}}