{"id":25834,"date":"2011-08-07T18:05:48","date_gmt":"2011-08-07T18:05:48","guid":{"rendered":"http:\/\/archiv.szolnoktv.hu\/?p=25834"},"modified":"2021-10-28T17:31:40","modified_gmt":"2021-10-28T17:31:40","slug":"mar-a-kivitelezot-keresik","status":"publish","type":"post","link":"http:\/\/archiv.szolnoktv.hu\/?p=25834","title":{"rendered":"M\u00e1r a kivitelez\u0151t keresik"},"content":{"rendered":"<div class='booster-block booster-read-block'><\/div><p>Kedden lej\u00e1r a p\u00e1ly\u00e1zatok bead\u00e1si hat\u00e1rideje, \u00edgy hamarosan kider\u00fcl kit b\u00edznak meg a M\u00c1V K\u00f3rh\u00e1z energetikai fejleszt\u00e9sivel \u00f6sszef\u00fcgg\u0151 kivitelez\u00e9si munk\u00e1kkal. Ha a beruh\u00e1z\u00e1s r\u00e9vbe \u00e9r, az int\u00e9zm\u00e9ny jelent\u0151 \u00f6sszeget sp\u00f3rolhat a f\u0171t\u00e9ssz\u00e1ml\u00e1kon.<br \/>\n<br \/>A M\u00c1V K\u00f3rh\u00e1z vezet\u00e9se&#8211; kitartva eredeti tervei mellett- t\u00f6bbsz\u00f6r is nekifutott m\u00edg v\u00e9gre siker\u00fclt forr\u00e1st szereznie nagyszab\u00e1s\u00fa terveihez. A k\u00f6rnyezet- \u00e9s energia operat\u00edv program keret\u00e9ben \u00f6sszesen k\u00f6zel 1 milli\u00e1rd forintot siker\u00fclt mozg\u00f3s\u00edtani az int\u00e9zm\u00e9ny m\u0171k\u00f6dtet\u00e9s\u00e9t gazdas\u00e1gosabb\u00e1 tev\u0151 beruh\u00e1z\u00e1sokra. Jeles\u00fcl egy term\u00e1lk\u00fat f\u00far\u00e1s\u00e1ra, a geotermikus h\u0151 felhaszn\u00e1l\u00e1s\u00e1ra, illetve a ny\u00edl\u00e1sz\u00e1r\u00f3k cser\u00e9j\u00e9re. A kivitelez\u00e9si munk\u00e1kra j\u00falius 22.- \u00e9n \u00edrt\u00e1k ki a p\u00e1ly\u00e1zatot. A p\u00e1ly\u00e1zatok bead\u00e1si hat\u00e1rideje kedden j\u00e1r le. Az eredm\u00e9ny kihirdet\u00e9s\u00e9re ett\u0151l sz\u00e1m\u00edtva k\u00f6r\u00fclbel\u00fcl k\u00e9t hetet kell majd v\u00e1rni. A ter\u00fcletre felvonul\u00f3 kivitelez\u0151nek 2012 j\u00fanius\u00e1val kell k\u00e9szre jelenteni a munk\u00e1t, de az is lehet, hogy m\u00e1r el\u0151bb v\u00e9geznek. A f\u0151igazgat\u00f3 f\u0151orvos elmondta, az energetikai beruh\u00e1z\u00e1s r\u00e9v\u00e9n megsp\u00f3rolt m\u0171k\u00f6d\u00e9si k\u00f6lts\u00e9gek egy r\u00e9sze a j\u00f6v\u0151ben fejleszt\u00e9sekre ford\u00edthat\u00f3.<br \/>\n<div style=\"width: 640px;\" class=\"wp-video\"><!--[if lt IE 9]><script>document.createElement('video');<\/script><![endif]-->\n<video class=\"wp-video-shortcode\" id=\"video-25834-1\" width=\"640\" height=\"360\" preload=\"metadata\" controls=\"controls\"><source type=\"video\/mp4\" src=\"\/spots\/hir\/hir_110807_04.mp4?_=1\" \/><a href=\"\/spots\/hir\/hir_110807_04.mp4\">\/spots\/hir\/hir_110807_04.mp4<\/a><\/video><\/div><\/p>\n","protected":false},"excerpt":{"rendered":"<p>Kedden lej\u00e1r a p\u00e1ly\u00e1zatok bead\u00e1si hat\u00e1rideje, \u00edgy hamarosan kider\u00fcl kit b\u00edznak meg a M\u00c1V K\u00f3rh\u00e1z energetikai fejleszt\u00e9sivel \u00f6sszef\u00fcgg\u0151 kivitelez\u00e9si munk\u00e1kkal. Ha a beruh\u00e1z\u00e1s r\u00e9vbe \u00e9r, az int\u00e9zm\u00e9ny jelent\u0151 \u00f6sszeget sp\u00f3rolhat a f\u0171t\u00e9ssz\u00e1ml\u00e1kon. A M\u00c1V K\u00f3rh\u00e1z vezet\u00e9se&#8211; kitartva eredeti tervei mellett- t\u00f6bbsz\u00f6r is nekifutott m\u00edg v\u00e9gre siker\u00fclt forr\u00e1st szereznie nagyszab\u00e1s\u00fa terveihez. A k\u00f6rnyezet- \u00e9s energia operat\u00edv [&hellip;]<\/p>\n","protected":false},"author":2,"featured_media":0,"comment_status":"open","ping_status":"open","sticky":false,"template":"","format":"standard","meta":[],"categories":[21],"tags":[],"_links":{"self":[{"href":"http:\/\/archiv.szolnoktv.hu\/index.php?rest_route=\/wp\/v2\/posts\/25834"}],"collection":[{"href":"http:\/\/archiv.szolnoktv.hu\/index.php?rest_route=\/wp\/v2\/posts"}],"about":[{"href":"http:\/\/archiv.szolnoktv.hu\/index.php?rest_route=\/wp\/v2\/types\/post"}],"author":[{"embeddable":true,"href":"http:\/\/archiv.szolnoktv.hu\/index.php?rest_route=\/wp\/v2\/users\/2"}],"replies":[{"embeddable":true,"href":"http:\/\/archiv.szolnoktv.hu\/index.php?rest_route=%2Fwp%2Fv2%2Fcomments&post=25834"}],"version-history":[{"count":1,"href":"http:\/\/archiv.szolnoktv.hu\/index.php?rest_route=\/wp\/v2\/posts\/25834\/revisions"}],"predecessor-version":[{"id":26015,"href":"http:\/\/archiv.szolnoktv.hu\/index.php?rest_route=\/wp\/v2\/posts\/25834\/revisions\/26015"}],"wp:attachment":[{"href":"http:\/\/archiv.szolnoktv.hu\/index.php?rest_route=%2Fwp%2Fv2%2Fmedia&parent=25834"}],"wp:term":[{"taxonomy":"category","embeddable":true,"href":"http:\/\/archiv.szolnoktv.hu\/index.php?rest_route=%2Fwp%2Fv2%2Fcategories&post=25834"},{"taxonomy":"post_tag","embeddable":true,"href":"http:\/\/archiv.szolnoktv.hu\/index.php?rest_route=%2Fwp%2Fv2%2Ftags&post=25834"}],"curies":[{"name":"wp","href":"https:\/\/api.w.org\/{rel}","templated":true}]}}