{"id":25833,"date":"2011-08-07T13:31:33","date_gmt":"2011-08-07T13:31:33","guid":{"rendered":"http:\/\/archiv.szolnoktv.hu\/?p=25833"},"modified":"2021-10-28T17:31:40","modified_gmt":"2021-10-28T17:31:40","slug":"megavers-kituntetes","status":"publish","type":"post","link":"http:\/\/archiv.szolnoktv.hu\/?p=25833","title":{"rendered":"Megavers (ki)t\u00fcntet\u00e9s"},"content":{"rendered":"<div class='booster-block booster-read-block'><\/div><p>A megavers t\u00e1bor fiataljai t\u00fcntettek a versek\u00e9rt p\u00e9ntek d\u00e9lut\u00e1n. A Tiszai haj\u00f3sok ter\u00e9t\u0151l s\u00e9t\u00e1ltak a vas\u00fat\u00e1llom\u00e1sig, majd egy buszon \u00e9nekeltek \u00e9s verseltek az utaz\u00f3knak.<br \/>\n<br \/> \u201eLe a pr\u00f3z\u00e1val, \u00e9ljen a l\u00edra!\u201e Ilyen \u00e9s hasonl\u00f3 felki\u00e1lt\u00e1sokkal vonultak v\u00e9gig a megavers t\u00e1bor r\u00e9sztvev\u0151i p\u00e9ntek d\u00e9lut\u00e1n Szolnokon. A fiatalok a v\u00e1ros k\u00fcl\u00f6nb\u00f6z\u0151 pontjain mondtak verset a j\u00e1r\u00f3kel\u0151knek. A Tiszai haj\u00f3sok ter\u00e9t\u0151l indultak \u00e9s eg\u00e9szen a vas\u00fat\u00e1llom\u00e1sig gyalogoltak, ahol egy dallal, majd versekkel kedveskedtek az ott v\u00e1rakoz\u00f3 taxisoknak, a j\u00e1r\u00f3kel\u0151knek, majd felsz\u00e1lltak egy 24-es buszra \u00e9s k\u00f6rj\u00e1raton utaz\u00f3knak adtak versaj\u00e1nd\u00e9kot. -Nagyon b\u00fcszke vagyok r\u00e1juk, mert most el\u00e9rte v\u00e9g\u00fcl is ez a t\u00e1bor a h\u00e9ten azt a c\u00e9lj\u00e1t, hogy egyt\u0151l egyig b\u00fcszk\u00e9k arra mindannyian, hogy hisznek a vers erej\u00e9ben \u00e9s hogy igenis van a versnek ereje.- mondta Z\u00e1mbori Soma, a t\u00e1bor egyik oktat\u00f3ja. A verssel vers\u00e9rt t\u00fcntet\u00e9s z\u00e1r\u00f3 momentumak\u00e9nt a Hild t\u00e9ren \u00e9nekeltek \u00e9s verseltek a fiatalok.<br \/>\n<div style=\"width: 640px;\" class=\"wp-video\"><!--[if lt IE 9]><script>document.createElement('video');<\/script><![endif]-->\n<video class=\"wp-video-shortcode\" id=\"video-25833-1\" width=\"640\" height=\"360\" preload=\"metadata\" controls=\"controls\"><source type=\"video\/mp4\" src=\"\/spots\/hir\/hir_110807_01.mp4?_=1\" \/><a href=\"\/spots\/hir\/hir_110807_01.mp4\">\/spots\/hir\/hir_110807_01.mp4<\/a><\/video><\/div><\/p>\n","protected":false},"excerpt":{"rendered":"<p>A megavers t\u00e1bor fiataljai t\u00fcntettek a versek\u00e9rt p\u00e9ntek d\u00e9lut\u00e1n. A Tiszai haj\u00f3sok ter\u00e9t\u0151l s\u00e9t\u00e1ltak a vas\u00fat\u00e1llom\u00e1sig, majd egy buszon \u00e9nekeltek \u00e9s verseltek az utaz\u00f3knak. \u201eLe a pr\u00f3z\u00e1val, \u00e9ljen a l\u00edra!\u201e Ilyen \u00e9s hasonl\u00f3 felki\u00e1lt\u00e1sokkal vonultak v\u00e9gig a megavers t\u00e1bor r\u00e9sztvev\u0151i p\u00e9ntek d\u00e9lut\u00e1n Szolnokon. A fiatalok a v\u00e1ros k\u00fcl\u00f6nb\u00f6z\u0151 pontjain mondtak verset a j\u00e1r\u00f3kel\u0151knek. A Tiszai [&hellip;]<\/p>\n","protected":false},"author":2,"featured_media":0,"comment_status":"open","ping_status":"open","sticky":false,"template":"","format":"standard","meta":[],"categories":[21],"tags":[],"_links":{"self":[{"href":"http:\/\/archiv.szolnoktv.hu\/index.php?rest_route=\/wp\/v2\/posts\/25833"}],"collection":[{"href":"http:\/\/archiv.szolnoktv.hu\/index.php?rest_route=\/wp\/v2\/posts"}],"about":[{"href":"http:\/\/archiv.szolnoktv.hu\/index.php?rest_route=\/wp\/v2\/types\/post"}],"author":[{"embeddable":true,"href":"http:\/\/archiv.szolnoktv.hu\/index.php?rest_route=\/wp\/v2\/users\/2"}],"replies":[{"embeddable":true,"href":"http:\/\/archiv.szolnoktv.hu\/index.php?rest_route=%2Fwp%2Fv2%2Fcomments&post=25833"}],"version-history":[{"count":1,"href":"http:\/\/archiv.szolnoktv.hu\/index.php?rest_route=\/wp\/v2\/posts\/25833\/revisions"}],"predecessor-version":[{"id":26016,"href":"http:\/\/archiv.szolnoktv.hu\/index.php?rest_route=\/wp\/v2\/posts\/25833\/revisions\/26016"}],"wp:attachment":[{"href":"http:\/\/archiv.szolnoktv.hu\/index.php?rest_route=%2Fwp%2Fv2%2Fmedia&parent=25833"}],"wp:term":[{"taxonomy":"category","embeddable":true,"href":"http:\/\/archiv.szolnoktv.hu\/index.php?rest_route=%2Fwp%2Fv2%2Fcategories&post=25833"},{"taxonomy":"post_tag","embeddable":true,"href":"http:\/\/archiv.szolnoktv.hu\/index.php?rest_route=%2Fwp%2Fv2%2Ftags&post=25833"}],"curies":[{"name":"wp","href":"https:\/\/api.w.org\/{rel}","templated":true}]}}